{"id":17011,"date":"2012-03-06T12:49:27","date_gmt":"2012-03-06T11:49:27","guid":{"rendered":"https:\/\/www.bombersdv.es\/es\/blog\/los-bomberos-de-paterna-celebran-su-patron\/"},"modified":"2016-12-19T16:44:36","modified_gmt":"2016-12-19T15:44:36","slug":"los-bomberos-de-paterna-celebran-su-patron","status":"publish","type":"post","link":"https:\/\/www.bombersdv.es\/es\/los-bomberos-de-paterna-celebran-su-patron\/","title":{"rendered":"Los bomberos de Paterna celebran su patr\u00f3n"},"content":{"rendered":"<p style=\"text-align: justify;\">\u00a0<\/p>\n<p style=\"text-align: justify;\"><span style=\"font-size: 10pt;\"><span style=\"text-decoration: underline;\"><span style=\"font-family: Arial;\"><img decoding=\"async\" class=\" alignleft size-full wp-image-15732\" style=\"margin: 5px; float: left;\" alt=\"Dia_Patron_Paterna_2012\" src=\"https:\/\/www.bombersdv.es\/wp-content\/uploads\/2012\/03\/Dia_Patron_Paterna_2012.jpg\" height=\"134\" width=\"200\" srcset=\"https:\/\/www.bombersdv.es\/wp-content\/uploads\/2012\/03\/Dia_Patron_Paterna_2012-200x134.jpg 200w, https:\/\/www.bombersdv.es\/wp-content\/uploads\/2012\/03\/Dia_Patron_Paterna_2012-300x200.jpg 300w, https:\/\/www.bombersdv.es\/wp-content\/uploads\/2012\/03\/Dia_Patron_Paterna_2012.jpg 400w\" sizes=\"(max-width: 200px) 100vw, 200px\" \/>6 de marzo de 2012.-<\/span><\/span><span style=\"font-family: Arial;\"> Los bomberos del parque de Paterna del <\/span><a href=\"..\/..\/..\/..\/..\/..\/\"><span style=\"font-family: Arial;\">Consorcio Provincial de Bomberos de Valencia<\/span><\/a><span style=\"font-family: Arial;\"> han celebrado esta pasada semana la festividad de su patr\u00f3n, San Juan de Dios, con una programaci\u00f3n llena de actividades y un d\u00eda de puertas abiertas en el parque.<\/span><\/span><\/p>\n<p style=\"text-align: justify;\"><span style=\"font-size: 10pt;\"><span style=\"font-family: Arial;\"><br \/><\/span><\/span><\/p>\n<p style=\"text-align: justify;\"><span style=\"font-size: 10pt; font-family: Arial;\">As\u00ed, el lunes 27 de febrero realizaron una salida cicloturista por el paraje natural les Rodanes, el martes 28 organizaron un partido de f\u00fatbol contra bomberos municipales de Valencia en el polideportivo de Nazaret, el jueves tuvo lugar un campeonato de p\u00e1del y un partido de f\u00fatbol 7 el viernes. Durante toda la semana se realiz\u00f3 el campeonato de ajedrez y ya el domingo 300 personas comieron de la paella gigante. El d\u00eda estuvo amenizado con un pase de fotos, varios castillos hinchables, la m\u00fasica de la Xaranga Samaruc y la Magia Para Todos.<\/span><\/p>\n<p style=\"text-align: justify;\">\u00a0<\/p>\n<p> <span style=\"font-size: 10pt; font-family: Arial;\" \/>   <!--more-->  <br \/><\/span> <\/p>\n<p>\u00a0<\/p>\n<p style=\"text-align: justify;\">\u00a0<\/p>\n<p style=\"text-align: justify;\"><span style=\"font-size: 10pt; font-family: Arial;\"><strong>\u00c1lbum de fotos: <\/strong><\/span><\/p>\n<p><a href=\"http:\/\/www.flickr.com\/photos\/consorciobomberosvalencia\/sets\/72157629160794368\/\">http:\/\/www.flickr.com\/photos\/consorciobomberosvalencia\/sets\/72157629160794368\/<\/a><\/p>\n","protected":false},"excerpt":{"rendered":"<p>\u00a0 6 de marzo de 2012.- Los bomberos del parque de Paterna del Consorcio Provincial de Bomberos de Valencia han celebrado esta pasada semana la festividad de su patr\u00f3n, San Juan de Dios, con una programaci\u00f3n llena de actividades y un d\u00eda de puertas abiertas en el parque. As\u00ed, el lunes 27 de febrero realizaron [&hellip;]<\/p>\n","protected":false},"author":25,"featured_media":0,"comment_status":"open","ping_status":"open","sticky":false,"template":"","format":"standard","meta":{"footnotes":""},"categories":[237],"tags":[],"class_list":["post-17011","post","type-post","status-publish","format-standard","hentry","category-noticias-recientes-es"],"_links":{"self":[{"href":"https:\/\/www.bombersdv.es\/es\/wp-json\/wp\/v2\/posts\/17011"}],"collection":[{"href":"https:\/\/www.bombersdv.es\/es\/wp-json\/wp\/v2\/posts"}],"about":[{"href":"https:\/\/www.bombersdv.es\/es\/wp-json\/wp\/v2\/types\/post"}],"author":[{"embeddable":true,"href":"https:\/\/www.bombersdv.es\/es\/wp-json\/wp\/v2\/users\/25"}],"replies":[{"embeddable":true,"href":"https:\/\/www.bombersdv.es\/es\/wp-json\/wp\/v2\/comments?post=17011"}],"version-history":[{"count":0,"href":"https:\/\/www.bombersdv.es\/es\/wp-json\/wp\/v2\/posts\/17011\/revisions"}],"wp:attachment":[{"href":"https:\/\/www.bombersdv.es\/es\/wp-json\/wp\/v2\/media?parent=17011"}],"wp:term":[{"taxonomy":"category","embeddable":true,"href":"https:\/\/www.bombersdv.es\/es\/wp-json\/wp\/v2\/categories?post=17011"},{"taxonomy":"post_tag","embeddable":true,"href":"https:\/\/www.bombersdv.es\/es\/wp-json\/wp\/v2\/tags?post=17011"}],"curies":[{"name":"wp","href":"https:\/\/api.w.org\/{rel}","templated":true}]}}