{"id":20010,"date":"2016-12-07T13:24:06","date_gmt":"2016-12-07T13:24:06","guid":{"rendered":"https:\/\/www.bombersdv.es\/es\/?p=20010"},"modified":"2020-02-25T09:03:28","modified_gmt":"2020-02-25T08:03:28","slug":"encuentro-interno-de-excarcelacion","status":"publish","type":"post","link":"https:\/\/www.bombersdv.es\/es\/encuentro-interno-de-excarcelacion\/","title":{"rendered":"Encuentro interno de excarcelaci\u00f3n"},"content":{"rendered":"<div class=\"fusion-fullwidth fullwidth-box fusion-builder-row-1 hundred-percent-fullwidth non-hundred-percent-height-scrolling\" style=\"--awb-border-radius-top-left:0px;--awb-border-radius-top-right:0px;--awb-border-radius-bottom-right:0px;--awb-border-radius-bottom-left:0px;--awb-overflow:visible;--awb-flex-wrap:wrap;\" ><div class=\"fusion-builder-row fusion-row\"><div class=\"fusion-layout-column fusion_builder_column fusion-builder-column-0 fusion_builder_column_1_1 1_1 fusion-one-full fusion-column-first fusion-column-last fusion-column-no-min-height\" style=\"--awb-bg-size:cover;--awb-margin-bottom:0px;\"><div class=\"fusion-column-wrapper fusion-flex-column-wrapper-legacy\"><div class=\"fusion-text fusion-text-1\"><p style=\"text-align: justify;\">Abierto el proceso de inscripci\u00f3n para el encuentro Interno de excarcelaci\u00f3n. Podr\u00e1 solicitarse durante el plazo comprendido desde el 7\/12\/2016 hasta 20\/01\/2017.<\/p>\n<p><img decoding=\"async\" class=\"wp-image-20034 size-full alignleft\" src=\"https:\/\/www.bombersdv.es\/wp-content\/uploads\/sites\/4\/2016\/12\/comenex.png\" alt=\"Comenex\" width=\"183\" height=\"199\" \/><\/p>\n<h4 style=\"text-align: justify;\"><\/h4>\n<h4 style=\"text-align: justify;\">Proceso de Inscripci\u00f3n<\/h4>\n<p style=\"text-align: justify;\">Los interesados pueden solcitar el formulario de inscripci\u00f3n a trav\u00e9s del siguiente correo <span style=\"text-decoration: underline;\"><span style=\"color: #0000ff;\"><a style=\"color: #0000ff; text-decoration: underline;\" href=\"mailto:comenex.vlc@gmail.com\">comenex.vlc@gmail.com<\/a><\/span><\/span>. Una vez cumplimentado debidamente, escanear el formulario y reenviarlo al mismo correo electr\u00f3nico.<\/p>\n<h4 style=\"text-align: justify;\">Informaci\u00f3n<\/h4>\n<p style=\"text-align: justify;\">Una vez finalizado el plazo de inscripci\u00f3n se comunicar\u00e1 a todos los equipos los veh\u00edculos correspondientes a la l\u00ednea clasificatoria y a la l\u00ednea no clasificatoria.<\/p>\n<p style=\"text-align: justify;\">Todos los equipos ser\u00e1n valorados por asesores de la asociaci\u00f3n profesional de rescate en accidentes de tr\u00e1fico <span style=\"text-decoration: underline; color: #0000ff;\"><a style=\"color: #0000ff; text-decoration: underline;\" href=\"http:\/\/www.aprat.es\/\">APRAT<\/a><\/span>.<\/p>\n<h5 style=\"text-align: justify;\">L\u00ednea clasificatoria valorada y puntuable:<\/h5>\n<p style=\"text-align: justify;\">Maniobra compleja 30\u2019.\u00a0 Las v\u00edctimas podr\u00e1n estar en un veh\u00edculo, en veh\u00edculos diferentes, una v\u00edctima dentro del veh\u00edculo y otra fuera atrapada. Los veh\u00edculos estar\u00e1n deformados simulando accidentes reales.<\/p>\n<h5 style=\"text-align: justify;\">L\u00ednea no clasificatoria valorada y no puntuable:<\/h5>\n<p style=\"text-align: justify;\">Maniobra est\u00e1ndar 20\u2019 o Maniobra r\u00e1pida 10\u2019.Los equipos deber\u00e1n averiguar el estado de la v\u00edctima y actuar en consecuencia. Una sola v\u00edctima en el interior del veh\u00edculo. Los veh\u00edculos estar\u00e1n deformados simulando un accidente real y podr\u00e1n estar en distintas posiciones.<\/p>\n<\/div><div class=\"fusion-clearfix\"><\/div><\/div><\/div><\/div><\/div>\n","protected":false},"excerpt":{"rendered":"","protected":false},"author":183,"featured_media":0,"comment_status":"closed","ping_status":"closed","sticky":false,"template":"","format":"standard","meta":{"footnotes":""},"categories":[2915,1244],"tags":[],"class_list":["post-20010","post","type-post","status-publish","format-standard","hentry","category-comenex-es","category-eventos-privados"],"_links":{"self":[{"href":"https:\/\/www.bombersdv.es\/es\/wp-json\/wp\/v2\/posts\/20010"}],"collection":[{"href":"https:\/\/www.bombersdv.es\/es\/wp-json\/wp\/v2\/posts"}],"about":[{"href":"https:\/\/www.bombersdv.es\/es\/wp-json\/wp\/v2\/types\/post"}],"author":[{"embeddable":true,"href":"https:\/\/www.bombersdv.es\/es\/wp-json\/wp\/v2\/users\/183"}],"replies":[{"embeddable":true,"href":"https:\/\/www.bombersdv.es\/es\/wp-json\/wp\/v2\/comments?post=20010"}],"version-history":[{"count":2,"href":"https:\/\/www.bombersdv.es\/es\/wp-json\/wp\/v2\/posts\/20010\/revisions"}],"predecessor-version":[{"id":49972,"href":"https:\/\/www.bombersdv.es\/es\/wp-json\/wp\/v2\/posts\/20010\/revisions\/49972"}],"wp:attachment":[{"href":"https:\/\/www.bombersdv.es\/es\/wp-json\/wp\/v2\/media?parent=20010"}],"wp:term":[{"taxonomy":"category","embeddable":true,"href":"https:\/\/www.bombersdv.es\/es\/wp-json\/wp\/v2\/categories?post=20010"},{"taxonomy":"post_tag","embeddable":true,"href":"https:\/\/www.bombersdv.es\/es\/wp-json\/wp\/v2\/tags?post=20010"}],"curies":[{"name":"wp","href":"https:\/\/api.w.org\/{rel}","templated":true}]}}