{"id":20044,"date":"2016-12-14T10:24:32","date_gmt":"2016-12-14T09:24:32","guid":{"rendered":"https:\/\/www.bombersdv.es\/es\/blog\/els-bombers-excarceren-a-dues-persones-atrapades-en-els-seus-vehicles-despres-dun-accident-de-transit-en-la-7\/"},"modified":"2016-12-19T16:43:39","modified_gmt":"2016-12-19T15:43:39","slug":"els-bombers-excarceren-a-dues-persones-atrapades-en-els-seus-vehicles-despres-dun-accident-de-transit-en-la-7","status":"publish","type":"post","link":"https:\/\/www.bombersdv.es\/es\/els-bombers-excarceren-a-dues-persones-atrapades-en-els-seus-vehicles-despres-dun-accident-de-transit-en-la-7\/","title":{"rendered":"Los bomberos excarcelan a dos personas atrapadas en sus veh\u00edculos tras un accidente de tr\u00e1fico en la A-7"},"content":{"rendered":"<p><strong><em>La colisi\u00f3n ha tenido lugar a la altura del desv\u00edo hacia X\u00e0tiva y, tras el rescate, los dos hombres han sido atendidos por los sanitarios y trasladados al hospital<\/em><\/strong><\/p>\n<p><strong><em>\u00a0<\/em><\/strong>Val\u00e8ncia, 14 de diciembre de 2016<\/p>\n<p>Los bomberos del Consorcio Provincial de Valencia han intervenido esta madrugada en un accidente de tr\u00e1fico que se ha producido en la A-7 direcci\u00f3n hacia Albacete, concretamente a la altura del desv\u00edo de X\u00e0tiva. Tras la colisi\u00f3n, los bomberos han excarcelado a dos personas, concretamente dos hombres, que han quedado atrapados en sus veh\u00edculos. Una vez rescatados han tenido que ser atendidos por los servicios sanitarios y trasladados al hospital. El aviso de este accidente ha entrado a las 6:42 horas y el servicio ha finalizado a las 7:55 horas.\u00a0En el servicio han intervenido los bomberos de los parques de X\u00e0tiva, con una Bomba Urbana Pesada (BUP)\u00a0 y una Bomba Nodriza Pesada (BNP) y los de Alzira con un BUP y el sargento.<\/p>\n","protected":false},"excerpt":{"rendered":"<p>La colisi\u00f3n ha tenido lugar a la altura del desv\u00edo hacia X\u00e0tiva y, tras el rescate, los dos hombres han sido atendidos por los sanitarios y trasladados al hospital \u00a0Val\u00e8ncia, 14 de diciembre de 2016 Los bomberos del Consorcio Provincial de Valencia han intervenido esta madrugada en un accidente de tr\u00e1fico que se ha producido [&hellip;]<\/p>\n","protected":false},"author":25,"featured_media":20041,"comment_status":"closed","ping_status":"closed","sticky":false,"template":"","format":"standard","meta":{"footnotes":""},"categories":[308],"tags":[],"class_list":["post-20044","post","type-post","status-publish","format-standard","has-post-thumbnail","hentry","category-news-es"],"_links":{"self":[{"href":"https:\/\/www.bombersdv.es\/es\/wp-json\/wp\/v2\/posts\/20044"}],"collection":[{"href":"https:\/\/www.bombersdv.es\/es\/wp-json\/wp\/v2\/posts"}],"about":[{"href":"https:\/\/www.bombersdv.es\/es\/wp-json\/wp\/v2\/types\/post"}],"author":[{"embeddable":true,"href":"https:\/\/www.bombersdv.es\/es\/wp-json\/wp\/v2\/users\/25"}],"replies":[{"embeddable":true,"href":"https:\/\/www.bombersdv.es\/es\/wp-json\/wp\/v2\/comments?post=20044"}],"version-history":[{"count":0,"href":"https:\/\/www.bombersdv.es\/es\/wp-json\/wp\/v2\/posts\/20044\/revisions"}],"wp:featuredmedia":[{"embeddable":true,"href":"https:\/\/www.bombersdv.es\/es\/wp-json\/wp\/v2\/media\/20041"}],"wp:attachment":[{"href":"https:\/\/www.bombersdv.es\/es\/wp-json\/wp\/v2\/media?parent=20044"}],"wp:term":[{"taxonomy":"category","embeddable":true,"href":"https:\/\/www.bombersdv.es\/es\/wp-json\/wp\/v2\/categories?post=20044"},{"taxonomy":"post_tag","embeddable":true,"href":"https:\/\/www.bombersdv.es\/es\/wp-json\/wp\/v2\/tags?post=20044"}],"curies":[{"name":"wp","href":"https:\/\/api.w.org\/{rel}","templated":true}]}}