{"id":20176,"date":"2016-12-16T14:20:41","date_gmt":"2016-12-16T13:20:41","guid":{"rendered":"https:\/\/www.bombersdv.es\/es\/?p=20176"},"modified":"2016-12-16T14:20:41","modified_gmt":"2016-12-16T13:20:41","slug":"el-consorcio-de-bomberos-rinde-homenaje-a-66-jubilados","status":"publish","type":"post","link":"https:\/\/www.bombersdv.es\/es\/el-consorcio-de-bomberos-rinde-homenaje-a-66-jubilados\/","title":{"rendered":"El Consorcio de Bomberos rinde homenaje a 66 jubilados"},"content":{"rendered":"<p><strong><em>Durante el acto se ha hecho entrega de una insignia en reconocimiento a su trabajo y a toda una vida dedicada al servicio<\/em><\/strong><\/p>\n<p><strong><em>\u00a0<\/em><\/strong><\/p>\n<p>Val\u00e8ncia, 16 de diciembre de 2016<\/p>\n<p>El Consorcio Provincial de Bomberos de Valencia ha rendido homenaje esta ma\u00f1ana a 66 bomberos que se han jubilado en los \u00faltimos a\u00f1os. El acto ha tenido lugar en el Centre Cultural la Benefic\u00e8ncia de Valencia y a \u00e9l han acudido el director general de la Agencia de Seguridad y Respuesta ante las Emergencias de la Generalitat, Jos\u00e9 Mar\u00eda \u00c1ngel, la vicepresidenta de la Diputaci\u00f3n de Valencia, Maria Josep Amig\u00f3, el presidente del Consorcio de Bomberos, Josep Bort y el gerente Josep Ballester, para arropar a los bomberos jubilados.<\/p>\n<p>&nbsp;<\/p>\n<p>El inspector jefe de esta instituci\u00f3n, Jos\u00e9 Miguel Basset, ha dado la bienvenida a sus compa\u00f1eros y tras \u00e9l han intervenido el resto de autoridades, agradeciendo su trabajo y toda\u00a0 una vida de dedicaci\u00f3n al Consorcio de Bomberos de Valencia.<\/p>\n<p>&nbsp;<\/p>\n<p>Durante el acto, los homenajeados han subido uno a uno al escenario y se les ha entregado una insignia en reconocimiento a su labor como bomberos. Tambi\u00e9n se ha proyectado un video con im\u00e1genes de servicios de la \u00e9poca, con el que se han emocionado especialmente. Tras el acto oficial se han unido todos para hacerse la tradicional foto de grupo y, al finalizar el encuentro, se ha ofrecido un vino de honor a todos los asistentes y sus familiares.<\/p>\n","protected":false},"excerpt":{"rendered":"<p>Durante el acto se ha hecho entrega de una insignia en reconocimiento a su trabajo y a toda una vida dedicada al servicio \u00a0 Val\u00e8ncia, 16 de diciembre de 2016 El Consorcio Provincial de Bomberos de Valencia ha rendido homenaje esta ma\u00f1ana a 66 bomberos que se han jubilado en los \u00faltimos a\u00f1os. El acto [&hellip;]<\/p>\n","protected":false},"author":25,"featured_media":20173,"comment_status":"closed","ping_status":"closed","sticky":false,"template":"","format":"standard","meta":{"footnotes":""},"categories":[308],"tags":[],"class_list":["post-20176","post","type-post","status-publish","format-standard","has-post-thumbnail","hentry","category-news-es"],"_links":{"self":[{"href":"https:\/\/www.bombersdv.es\/es\/wp-json\/wp\/v2\/posts\/20176"}],"collection":[{"href":"https:\/\/www.bombersdv.es\/es\/wp-json\/wp\/v2\/posts"}],"about":[{"href":"https:\/\/www.bombersdv.es\/es\/wp-json\/wp\/v2\/types\/post"}],"author":[{"embeddable":true,"href":"https:\/\/www.bombersdv.es\/es\/wp-json\/wp\/v2\/users\/25"}],"replies":[{"embeddable":true,"href":"https:\/\/www.bombersdv.es\/es\/wp-json\/wp\/v2\/comments?post=20176"}],"version-history":[{"count":0,"href":"https:\/\/www.bombersdv.es\/es\/wp-json\/wp\/v2\/posts\/20176\/revisions"}],"wp:featuredmedia":[{"embeddable":true,"href":"https:\/\/www.bombersdv.es\/es\/wp-json\/wp\/v2\/media\/20173"}],"wp:attachment":[{"href":"https:\/\/www.bombersdv.es\/es\/wp-json\/wp\/v2\/media?parent=20176"}],"wp:term":[{"taxonomy":"category","embeddable":true,"href":"https:\/\/www.bombersdv.es\/es\/wp-json\/wp\/v2\/categories?post=20176"},{"taxonomy":"post_tag","embeddable":true,"href":"https:\/\/www.bombersdv.es\/es\/wp-json\/wp\/v2\/tags?post=20176"}],"curies":[{"name":"wp","href":"https:\/\/api.w.org\/{rel}","templated":true}]}}