{"id":21269,"date":"2016-12-21T14:00:20","date_gmt":"2016-12-21T13:00:20","guid":{"rendered":"https:\/\/www.bombersdv.es\/?p=21269\/"},"modified":"2017-01-22T02:27:49","modified_gmt":"2017-01-22T01:27:49","slug":"el-consorcio-de-bomberos-y-la-universitat-de-valencia-organizan-el-i-encuentro-nacional-de-trauma-y-el-xiii-de-excarcelacion","status":"publish","type":"post","link":"https:\/\/www.bombersdv.es\/es\/el-consorcio-de-bomberos-y-la-universitat-de-valencia-organizan-el-i-encuentro-nacional-de-trauma-y-el-xiii-de-excarcelacion\/","title":{"rendered":"El Consorcio de Bomberos y la Universitat de Val\u00e8ncia organizan el I Encuentro Nacional de Trauma y el XIII de Excarcelaci\u00f3n"},"content":{"rendered":"<p><span style=\"font-family: Times New Roman,serif\"><span style=\"font-size: medium\"><em><span style=\"color: #747474\"><span style=\"font-family: Raleway,serif\"><b>Es la primera vez que se celebra un acto de estas caracter\u00edsticas en Espa\u00f1a y para ello se ha firmado un convenio con diferentes agentes implicados que se han comprometido en colaborar en ambos encuentros de rescat<\/b><\/span><\/span><\/em><\/span><\/span><\/p>\n<p><span style=\"font-family: Times New Roman,serif\"><span style=\"font-size: medium\"><span style=\"color: #747474\"><span style=\"font-family: Raleway,serif\"><b>Val\u00e8ncia, 21 de diciembre de 2016<\/b><\/span><\/span><\/span><\/span><\/p>\n<p><span style=\"color: #747474\"><span style=\"font-family: Raleway,serif\"><span style=\"font-size: medium\">El Consorcio Provincial de Bomberos y la Universitat de Val\u00e8ncia han firmado esta ma\u00f1ana un convenio con diferentes instituciones para realizar el XIII Encuentro Nacional de Excarcelaci\u00f3n y el I Encuentro Nacional de Trauma en Valencia. Se trata de un acontecimiento muy importante ya que es la primera vez que se celebra en Espa\u00f1a un acto de estas caracter\u00edsticas. El hecho de que las lesiones causadas en accidentes de tr\u00e1fico supongan la tercera causa de muerte exige que todos los servicios que intervienen en los rescates, as\u00ed como las instituciones p\u00fablicas relacionadas, hagan un esfuerzo para abordar esta cuesti\u00f3n de manera preventiva y formativa.<\/span><\/span><\/span><\/p>\n<p><span style=\"color: #747474\"><span style=\"font-family: Raleway,serif\"><span style=\"font-size: medium\">Por ello, esta ma\u00f1ana se han reunido en la Facultad de Medicina el presidente del Consorcio de Bomberos, Josep Bort, los decanos de la Universitat de Val\u00e8ncia, Federico V. Pallard\u00f3 y Julio Fern\u00e1ndez, el director del Servicio de Emergencias Sanitarias, Pere Herrera, el presidente de la Asociaci\u00f3n Profesional de Rescate en Accidentes de Tr\u00e1fico (Aprat), Pedro Ruiz, el presidente de la Asociaci\u00f3n de Estudiantes de Medicina en Urgencias y Emergencias (Aemes), Pedro Aldana, as\u00ed como representantes de las empresas Elite Bags y Logro Hispania, Jos\u00e9 Mar\u00eda Gonz\u00e1lez y Manuel Campayo, respectivamente. El objetivo de la reuni\u00f3n ha sido la firma de un convenio en el que las partes implicadas asumen el compromiso de organizar y colaborar en ambos encuentros de rescate.<\/span><\/span><\/span><\/p>\n<p><span style=\"color: #747474\"><span style=\"font-family: Raleway,serif\"><span style=\"font-size: medium\">El presidente del Consorcio de Bomberos de Valencia ha se\u00f1alado que este tipo de actuaciones de excarcelaci\u00f3n y trauma \u201cson una parte muy importante para la formaci\u00f3n de los bomberos, pero no s\u00f3lo eso, ya que poder contar con la colaboraci\u00f3n de la Universitat y de los estudiantes en este tipo de encuentros es algo que nos llena de gozo ya que se comparten las sinergias\u201d. Por su parte, el representante de Aprat ha manifestado que en Valencia \u201cpod\u00e9is estar orgullosos porque el Consorcio de Bomberos es referente en temas de excarcelaci\u00f3n y trauma en Espa\u00f1a y es extraordinario que organic\u00e9is estos encuentros\u201d.<\/span><\/span><\/span><\/p>\n<p><span style=\"color: #747474\"><span style=\"font-family: Raleway,serif\"><span style=\"font-size: medium\">El I Encuentro Nacional de Trauma tendr\u00e1 lugar en Valencia los d\u00edas 2 y 3 de mayo y el XIII Encuentro Nacional de Excarcelaci\u00f3n ser\u00e1 los d\u00edas 4 y 5 de mayo.<\/span><\/span><\/span><\/p>\n","protected":false},"excerpt":{"rendered":"<p>Es la primera vez que se celebra un acto de estas caracter\u00edsticas en Espa\u00f1a y para ello se ha firmado un convenio con diferentes agentes implicados que se han comprometido en colaborar en ambos encuentros de rescat Val\u00e8ncia, 21 de diciembre de 2016 El Consorcio Provincial de Bomberos y la Universitat de Val\u00e8ncia han firmado [&hellip;]<\/p>\n","protected":false},"author":25,"featured_media":21267,"comment_status":"closed","ping_status":"closed","sticky":false,"template":"","format":"standard","meta":{"footnotes":""},"categories":[308,1],"tags":[],"class_list":["post-21269","post","type-post","status-publish","format-standard","has-post-thumbnail","hentry","category-news-es","category-sin-categorizar"],"_links":{"self":[{"href":"https:\/\/www.bombersdv.es\/es\/wp-json\/wp\/v2\/posts\/21269"}],"collection":[{"href":"https:\/\/www.bombersdv.es\/es\/wp-json\/wp\/v2\/posts"}],"about":[{"href":"https:\/\/www.bombersdv.es\/es\/wp-json\/wp\/v2\/types\/post"}],"author":[{"embeddable":true,"href":"https:\/\/www.bombersdv.es\/es\/wp-json\/wp\/v2\/users\/25"}],"replies":[{"embeddable":true,"href":"https:\/\/www.bombersdv.es\/es\/wp-json\/wp\/v2\/comments?post=21269"}],"version-history":[{"count":0,"href":"https:\/\/www.bombersdv.es\/es\/wp-json\/wp\/v2\/posts\/21269\/revisions"}],"wp:featuredmedia":[{"embeddable":true,"href":"https:\/\/www.bombersdv.es\/es\/wp-json\/wp\/v2\/media\/21267"}],"wp:attachment":[{"href":"https:\/\/www.bombersdv.es\/es\/wp-json\/wp\/v2\/media?parent=21269"}],"wp:term":[{"taxonomy":"category","embeddable":true,"href":"https:\/\/www.bombersdv.es\/es\/wp-json\/wp\/v2\/categories?post=21269"},{"taxonomy":"post_tag","embeddable":true,"href":"https:\/\/www.bombersdv.es\/es\/wp-json\/wp\/v2\/tags?post=21269"}],"curies":[{"name":"wp","href":"https:\/\/api.w.org\/{rel}","templated":true}]}}