{"id":21297,"date":"2017-01-23T15:45:25","date_gmt":"2017-01-23T14:45:25","guid":{"rendered":"https:\/\/www.bombersdv.es\/?p=21297\/"},"modified":"2017-01-23T15:48:07","modified_gmt":"2017-01-23T14:48:07","slug":"el-consorcio-provincial-de-bomberos-de-valencia-realiza-un-total-de-262-intervenciones-durante-el-temporal","status":"publish","type":"post","link":"https:\/\/www.bombersdv.es\/es\/el-consorcio-provincial-de-bomberos-de-valencia-realiza-un-total-de-262-intervenciones-durante-el-temporal\/","title":{"rendered":"El Consorcio Provincial de Bomberos realiza un total de 262 intervenciones durante el temporal"},"content":{"rendered":"<p>Valencia, 23\u00a0 de enero<\/p>\n<p>El Consorcio Provincial de Bomberos de Valencia realiz\u00f3 un total de 262 intervenciones desde el jueves 19 de enero hasta el domingo 22 de enero. De estas, 195 estuvieron directamente relacionadas con el episodio de lluvias, nieve y fuerte viento que ha sufrido la Comunidad Valenciana. As\u00ed, las actuaciones se centraron, fundamentalmente, en servicios de rescate, 23 en total, y en actuaciones auxiliares, como saneamientos por ca\u00edda de \u00e1rboles y achiques de agua (172).<\/p>\n<p>Especialmente conflictiva fue la tarde del jueves hasta el mediod\u00eda del viernes 20, donde una gran cantidad de conductores se vieron sorprendidos por las fuertes nevadas y estuvieron confinados en sus veh\u00edculos, tanto en la red nacional de carreteras como en diferentes puntos de monta\u00f1a y caminos rurales. Los bomberos tuvieron que rescatar algunos de los conductores atrapados. Adem\u00e1s, el s\u00e1bado, dieron soporte a las actuaciones de apertura manual del Embalse del Buseo en el municipio de Chera.<\/p>\n<p>Fuentes oficiales del Consorcio Provincial de Bomberos de Valencia, despu\u00e9s de hacer un balance general, han resaltado la complejidad de las diferentes situaciones que a lo largo de los d\u00edas se han dado. En especial en la comarca de los Serranos y en la Vall d&#8217;Albaida, durante la noche del jueves y parte del viernes. Adem\u00e1s de las complicaciones para muchos de los efectivos, como es el caso del Parque de Requena, donde los bomberos se vieron en la imposibilidad, incluso, de ser relevados, por no poder acceder las dotaciones entrantes hasta el mismo parque.<\/p>\n<p>Ante estas situaciones adversas, el Consorcio ha destacado &#8220;la profesionalidad de los trabajadores&#8221; y ha agradecido \u201csu m\u00e1xima implicaci\u00f3n en el operativo, que ha estado coordinado, en todo momento, con otros servicios de emergencias\u201d.<\/p>\n","protected":false},"excerpt":{"rendered":"<p>Valencia, 23\u00a0 de enero El Consorcio Provincial de Bomberos de Valencia realiz\u00f3 un total de 262 intervenciones desde el jueves 19 de enero hasta el domingo 22 de enero. De estas, 195 estuvieron directamente relacionadas con el episodio de lluvias, nieve y fuerte viento que ha sufrido la Comunidad Valenciana. As\u00ed, las actuaciones se centraron, [&hellip;]<\/p>\n","protected":false},"author":25,"featured_media":21294,"comment_status":"closed","ping_status":"closed","sticky":false,"template":"","format":"standard","meta":{"footnotes":""},"categories":[308,1],"tags":[],"class_list":["post-21297","post","type-post","status-publish","format-standard","has-post-thumbnail","hentry","category-news-es","category-sin-categorizar"],"_links":{"self":[{"href":"https:\/\/www.bombersdv.es\/es\/wp-json\/wp\/v2\/posts\/21297"}],"collection":[{"href":"https:\/\/www.bombersdv.es\/es\/wp-json\/wp\/v2\/posts"}],"about":[{"href":"https:\/\/www.bombersdv.es\/es\/wp-json\/wp\/v2\/types\/post"}],"author":[{"embeddable":true,"href":"https:\/\/www.bombersdv.es\/es\/wp-json\/wp\/v2\/users\/25"}],"replies":[{"embeddable":true,"href":"https:\/\/www.bombersdv.es\/es\/wp-json\/wp\/v2\/comments?post=21297"}],"version-history":[{"count":0,"href":"https:\/\/www.bombersdv.es\/es\/wp-json\/wp\/v2\/posts\/21297\/revisions"}],"wp:featuredmedia":[{"embeddable":true,"href":"https:\/\/www.bombersdv.es\/es\/wp-json\/wp\/v2\/media\/21294"}],"wp:attachment":[{"href":"https:\/\/www.bombersdv.es\/es\/wp-json\/wp\/v2\/media?parent=21297"}],"wp:term":[{"taxonomy":"category","embeddable":true,"href":"https:\/\/www.bombersdv.es\/es\/wp-json\/wp\/v2\/categories?post=21297"},{"taxonomy":"post_tag","embeddable":true,"href":"https:\/\/www.bombersdv.es\/es\/wp-json\/wp\/v2\/tags?post=21297"}],"curies":[{"name":"wp","href":"https:\/\/api.w.org\/{rel}","templated":true}]}}