{"id":21529,"date":"2017-01-26T16:46:26","date_gmt":"2017-01-26T16:46:26","guid":{"rendered":"https:\/\/www.bombersdv.es\/?p=21529\/"},"modified":"2019-02-08T11:50:30","modified_gmt":"2019-02-08T11:50:30","slug":"continuan-los-trabajos-de-coordinacion-en-materia-de-seguridad-y-salud-laboral-en-los-servicios-de-bomberos-de-la-comunitat-valenciana","status":"publish","type":"post","link":"https:\/\/www.bombersdv.es\/es\/continuan-los-trabajos-de-coordinacion-en-materia-de-seguridad-y-salud-laboral-en-los-servicios-de-bomberos-de-la-comunitat-valenciana\/","title":{"rendered":"Contin\u00faan los trabajos de coordinaci\u00f3n en materia de Seguridad y Salud Laboral en los Servicios de Bomberos de la Comunitat Valenciana."},"content":{"rendered":"<p>El 25 de enero tuvo lugar en la sede del Consorcio Provincial de Bomberos de Alicante la 4\u00aa reuni\u00f3n, desde su constituci\u00f3n en marzo de 2016, del Grupo de Trabajo de Seguridad y Salud en los SPEIS de la Comunitat Valenciana.<\/p>\n<p>Este grupo de trabajo, constituido en el marco de la Comisi\u00f3n de Coordinaci\u00f3n de los Servicios de Prevenci\u00f3n, Extinci\u00f3n de Incendios y Salvamento de la Comunitat Valenciana (Decreto 27\/2012, de 3 de febrero, del Consell) constituye un foro t\u00e9cnico en el que est\u00e1n representados los seis Servicios (municipales y provinciales) de Bomberos de la Comunitat Valenciana junto a la Agencia Valenciana de Seguridad y Respuesta a Emergencias y el Instituto Valenciano de Seguridad P\u00fablica y Emergencias (IVASPE).<\/p>\n<p>En la reuni\u00f3n del d\u00eda 25 de enero:<\/p>\n<ul>\n<li>Se trabaj\u00f3 sobre una propuesta de documentos m\u00ednimos en materia de gesti\u00f3n preventiva a elaborar por los servicios.<\/li>\n<li>Se realiz\u00f3 una revisi\u00f3n sobre el conjunto de documentos que est\u00e1n siendo compartidos por los miembros del grupo para su concreci\u00f3n en procedimientos y gu\u00edas comunes de actuaci\u00f3n.<\/li>\n<li>Se di\u00f3 cuenta de las gestiones de colaboraci\u00f3n realizadas con INVASSAT e Inspecci\u00f3n de Trabajo y Seguridad Social y<\/li>\n<li>Se realiz\u00f3 una puesta en com\u00fan de las diversas propuestas que se est\u00e1n canalizando desde diversos foros para el desarrollo de una normativa de adaptaci\u00f3n de la legislaci\u00f3n de prevenci\u00f3n de riesgos laborales al \u00e1mbito espec\u00edfico de bomberos.<\/li>\n<\/ul>\n","protected":false},"excerpt":{"rendered":"<p>El 25 de enero tuvo lugar en la sede del Consorcio Provincial de Bomberos de Alicante la 4\u00aa reuni\u00f3n, desde su constituci\u00f3n en marzo de 2016, del Grupo de Trabajo de Seguridad y Salud en los SPEIS de la Comunitat Valenciana. Este grupo de trabajo, constituido en el marco de la Comisi\u00f3n de Coordinaci\u00f3n de [&hellip;]<\/p>\n","protected":false},"author":183,"featured_media":0,"comment_status":"closed","ping_status":"closed","sticky":false,"template":"","format":"standard","meta":{"footnotes":""},"categories":[1244],"tags":[],"class_list":["post-21529","post","type-post","status-publish","format-standard","hentry","category-eventos-privados"],"_links":{"self":[{"href":"https:\/\/www.bombersdv.es\/es\/wp-json\/wp\/v2\/posts\/21529"}],"collection":[{"href":"https:\/\/www.bombersdv.es\/es\/wp-json\/wp\/v2\/posts"}],"about":[{"href":"https:\/\/www.bombersdv.es\/es\/wp-json\/wp\/v2\/types\/post"}],"author":[{"embeddable":true,"href":"https:\/\/www.bombersdv.es\/es\/wp-json\/wp\/v2\/users\/183"}],"replies":[{"embeddable":true,"href":"https:\/\/www.bombersdv.es\/es\/wp-json\/wp\/v2\/comments?post=21529"}],"version-history":[{"count":1,"href":"https:\/\/www.bombersdv.es\/es\/wp-json\/wp\/v2\/posts\/21529\/revisions"}],"predecessor-version":[{"id":44660,"href":"https:\/\/www.bombersdv.es\/es\/wp-json\/wp\/v2\/posts\/21529\/revisions\/44660"}],"wp:attachment":[{"href":"https:\/\/www.bombersdv.es\/es\/wp-json\/wp\/v2\/media?parent=21529"}],"wp:term":[{"taxonomy":"category","embeddable":true,"href":"https:\/\/www.bombersdv.es\/es\/wp-json\/wp\/v2\/categories?post=21529"},{"taxonomy":"post_tag","embeddable":true,"href":"https:\/\/www.bombersdv.es\/es\/wp-json\/wp\/v2\/tags?post=21529"}],"curies":[{"name":"wp","href":"https:\/\/api.w.org\/{rel}","templated":true}]}}