{"id":21698,"date":"2017-02-03T12:54:09","date_gmt":"2017-02-03T11:54:09","guid":{"rendered":"https:\/\/www.bombersdv.es\/?p=21698\/"},"modified":"2017-02-03T20:29:29","modified_gmt":"2017-02-03T19:29:29","slug":"el-consorcio-intensifica-las-tareas-de-coordinacion-con-otros-servicios-de-prevencion-extincion-y-salvamento-para-mejorar-las-condiciones-de-seguridad-del-cuerpo","status":"publish","type":"post","link":"https:\/\/www.bombersdv.es\/es\/el-consorcio-intensifica-las-tareas-de-coordinacion-con-otros-servicios-de-prevencion-extincion-y-salvamento-para-mejorar-las-condiciones-de-seguridad-del-cuerpo\/","title":{"rendered":"El Consorcio intensifica las tareas de coordinaci\u00f3n con otros servicios de prevenci\u00f3n, extinci\u00f3n y salvamento para mejorar las condiciones de seguridad del cuerpo"},"content":{"rendered":"<p>Valencia, 3 de febrero.- El Consorci Provincial de Bombers de Val\u00e8ncia est\u00e1 trabajando para unificar criterios y mejorar las condiciones de seguridad y salud de los trabajadores. Una tarea que se est\u00e1 plasmando en diferentes propuestas para desarrollar, principalmente, una normativa adaptada a la legislaci\u00f3n de prevenci\u00f3n de riesgos laborales en el \u00e1mbito espec\u00edfico del cuerpo de bomberos.<\/p>\n<p>De hecho, representantes del Consorcio participan activamente en el Grupo de Trabajo de Seguridad y Salud de la Comisi\u00f3n de Coordinaci\u00f3n de los Servicios de Prevenci\u00f3n, Extinci\u00f3n de Incendios y Salvamento de la Comunitat (SPEIS); un foro t\u00e9cnico en el que est\u00e1n representados los seis servicios (municipales y provinciales) de bomberos de la Comunitat Valenciana, junto con la Agencia Valenciana de Seguridad y Respuesta a Emergencias y el Instituto Valenciano de Seguridad P\u00fablica y Emergencias (IVASPE), as\u00ed como sindicados y t\u00e9cnicos de los entes.<\/p>\n<p>Dentro de la ruta de trabajo establecida por parte de los diferentes actores implicados y citados, prioriza estudiar y consensuar las propuestas de trabajos en gesti\u00f3n preventiva y procedimientos y gu\u00edas comunes de actuaci\u00f3n, al tiempo que analizar las diferentes acciones de colaboraci\u00f3n realizadas con la INVASSAT y la Inspecci\u00f3n de Trabajo y Seguridad Social.<\/p>\n<p>Precisamente, estos puntos fueron tratados en la \u00faltima reuni\u00f3n que que tuvo lugar el pasado 25 de enero en el Consorcio Provincial de Alicante. La cuarta, desde su constituci\u00f3n en marzo de 2016, del Grupo de Trabajo de Seguridad y Salud en los SPEIS de la Comunitat Valenciana.<\/p>\n","protected":false},"excerpt":{"rendered":"<p>Valencia, 3 de febrero.- El Consorci Provincial de Bombers de Val\u00e8ncia est\u00e1 trabajando para unificar criterios y mejorar las condiciones de seguridad y salud de los trabajadores. Una tarea que se est\u00e1 plasmando en diferentes propuestas para desarrollar, principalmente, una normativa adaptada a la legislaci\u00f3n de prevenci\u00f3n de riesgos laborales en el \u00e1mbito espec\u00edfico del [&hellip;]<\/p>\n","protected":false},"author":25,"featured_media":21694,"comment_status":"closed","ping_status":"closed","sticky":false,"template":"","format":"standard","meta":{"footnotes":""},"categories":[308,1],"tags":[],"class_list":["post-21698","post","type-post","status-publish","format-standard","has-post-thumbnail","hentry","category-news-es","category-sin-categorizar"],"_links":{"self":[{"href":"https:\/\/www.bombersdv.es\/es\/wp-json\/wp\/v2\/posts\/21698"}],"collection":[{"href":"https:\/\/www.bombersdv.es\/es\/wp-json\/wp\/v2\/posts"}],"about":[{"href":"https:\/\/www.bombersdv.es\/es\/wp-json\/wp\/v2\/types\/post"}],"author":[{"embeddable":true,"href":"https:\/\/www.bombersdv.es\/es\/wp-json\/wp\/v2\/users\/25"}],"replies":[{"embeddable":true,"href":"https:\/\/www.bombersdv.es\/es\/wp-json\/wp\/v2\/comments?post=21698"}],"version-history":[{"count":0,"href":"https:\/\/www.bombersdv.es\/es\/wp-json\/wp\/v2\/posts\/21698\/revisions"}],"wp:featuredmedia":[{"embeddable":true,"href":"https:\/\/www.bombersdv.es\/es\/wp-json\/wp\/v2\/media\/21694"}],"wp:attachment":[{"href":"https:\/\/www.bombersdv.es\/es\/wp-json\/wp\/v2\/media?parent=21698"}],"wp:term":[{"taxonomy":"category","embeddable":true,"href":"https:\/\/www.bombersdv.es\/es\/wp-json\/wp\/v2\/categories?post=21698"},{"taxonomy":"post_tag","embeddable":true,"href":"https:\/\/www.bombersdv.es\/es\/wp-json\/wp\/v2\/tags?post=21698"}],"curies":[{"name":"wp","href":"https:\/\/api.w.org\/{rel}","templated":true}]}}