{"id":47375,"date":"2019-07-24T14:18:54","date_gmt":"2019-07-24T12:18:54","guid":{"rendered":"https:\/\/www.bombersdv.es\/?p=47375"},"modified":"2019-07-24T14:43:58","modified_gmt":"2019-07-24T12:43:58","slug":"el-presidente-de-la-diputacion-toni-gaspar-y-la-presidenta-del-consorcio-maria-josep-amigo-visitan-las-instalaciones-centrales-del-consorcio","status":"publish","type":"post","link":"https:\/\/www.bombersdv.es\/es\/el-presidente-de-la-diputacion-toni-gaspar-y-la-presidenta-del-consorcio-maria-josep-amigo-visitan-las-instalaciones-centrales-del-consorcio\/","title":{"rendered":"El presidente de la Diputaci\u00f3n, Toni Gaspar, y la presidenta del Consorcio, Maria Josep Amig\u00f3, visitan las instalaciones centrales del Consorcio"},"content":{"rendered":"<p>El presidente de la Diputaci\u00f3n de Valencia, Toni Gaspar, y la diputada provincial responsable del Consorcio, Maria Josep Amig\u00f3, han visitado esta ma\u00f1ana las instalaciones centrales de la instituci\u00f3n acompa\u00f1ados por el inspector jefe, Jos\u00e9 Miguel Basset, y el gerente, Josep Manuel Ballester.<\/p>\n<p>Amig\u00f3 ha conocido de primera mano las oficinas centrales. Al finalizar el recorrido, la presidenta del Consorcio ha afirmado que est\u00e1 \u201cmuy contenta y orgullosa de poder ser la segunda presidenta en la historia de la instituci\u00f3n. Se ha hecho un gran trabajo y continuaremos atendiendo las necesidades existentes porque este es un cuerpo vivo. La colaboraci\u00f3n por las dos partes est\u00e1 abierta\u201d.<\/p>\n<p>Adem\u00e1s, Amig\u00f3 ha resaltado el reconocimiento que merece este cuerpo, que cuenta con profesionales altamente cualificados y de servicio a la ciudadan\u00eda. \u201cEspero estar siempre a la altura de un cuerpo que tiene y se merece el reconocimiento de todos y todas y que siempre est\u00e1 disponible cuando m\u00e1s los necesitamos\u201d.\u00a0<img decoding=\"async\" class=\"size-medium wp-image-47376 alignright\" src=\"https:\/\/www.bombersdv.es\/wp-content\/uploads\/2019\/07\/visita-GASPAR-I-AMIGO\u0301-300x213.jpeg\" alt=\"\" width=\"300\" height=\"213\" srcset=\"https:\/\/www.bombersdv.es\/wp-content\/uploads\/2019\/07\/visita-GASPAR-I-AMIGO\u0301-200x142.jpeg 200w, https:\/\/www.bombersdv.es\/wp-content\/uploads\/2019\/07\/visita-GASPAR-I-AMIGO\u0301-300x214.jpeg 300w, https:\/\/www.bombersdv.es\/wp-content\/uploads\/2019\/07\/visita-GASPAR-I-AMIGO\u0301-400x284.jpeg 400w, https:\/\/www.bombersdv.es\/wp-content\/uploads\/2019\/07\/visita-GASPAR-I-AMIGO\u0301-600x426.jpeg 600w, https:\/\/www.bombersdv.es\/wp-content\/uploads\/2019\/07\/visita-GASPAR-I-AMIGO\u0301-768x545.jpeg 768w, https:\/\/www.bombersdv.es\/wp-content\/uploads\/2019\/07\/visita-GASPAR-I-AMIGO\u0301-800x568.jpeg 800w, https:\/\/www.bombersdv.es\/wp-content\/uploads\/2019\/07\/visita-GASPAR-I-AMIGO\u0301-1024x726.jpeg 1024w, https:\/\/www.bombersdv.es\/wp-content\/uploads\/2019\/07\/visita-GASPAR-I-AMIGO\u0301-1200x851.jpeg 1200w, https:\/\/www.bombersdv.es\/wp-content\/uploads\/2019\/07\/visita-GASPAR-I-AMIGO\u0301.jpeg 1600w\" sizes=\"(max-width: 300px) 100vw, 300px\" \/><\/p>\n<p>Los efectivos del Consorcio intervienen en 26 emergencias cada d\u00eda. En la actualidad, cuenta con una plantilla operativa de m\u00e1s de 600 profesionales que est\u00e1n distribuidos estrat\u00e9gicamente en 24 parques para asegurar una respuesta eficaz en toda la provincia de Valencia.<\/p>\n<p>&nbsp;<\/p>\n","protected":false},"excerpt":{"rendered":"<p>El presidente de la Diputaci\u00f3n de Valencia, Toni Gaspar, y la diputada provincial responsable del Consorcio, Maria Josep Amig\u00f3, han visitado esta ma\u00f1ana las instalaciones centrales de la instituci\u00f3n acompa\u00f1ados por el inspector jefe, Jos\u00e9 Miguel Basset, y el gerente, Josep Manuel Ballester. Amig\u00f3 ha conocido de primera mano las oficinas centrales. Al finalizar el [&hellip;]<\/p>\n","protected":false},"author":25,"featured_media":47371,"comment_status":"closed","ping_status":"closed","sticky":false,"template":"","format":"standard","meta":{"footnotes":""},"categories":[237],"tags":[],"class_list":["post-47375","post","type-post","status-publish","format-standard","has-post-thumbnail","hentry","category-noticias-recientes-es"],"_links":{"self":[{"href":"https:\/\/www.bombersdv.es\/es\/wp-json\/wp\/v2\/posts\/47375"}],"collection":[{"href":"https:\/\/www.bombersdv.es\/es\/wp-json\/wp\/v2\/posts"}],"about":[{"href":"https:\/\/www.bombersdv.es\/es\/wp-json\/wp\/v2\/types\/post"}],"author":[{"embeddable":true,"href":"https:\/\/www.bombersdv.es\/es\/wp-json\/wp\/v2\/users\/25"}],"replies":[{"embeddable":true,"href":"https:\/\/www.bombersdv.es\/es\/wp-json\/wp\/v2\/comments?post=47375"}],"version-history":[{"count":2,"href":"https:\/\/www.bombersdv.es\/es\/wp-json\/wp\/v2\/posts\/47375\/revisions"}],"predecessor-version":[{"id":47380,"href":"https:\/\/www.bombersdv.es\/es\/wp-json\/wp\/v2\/posts\/47375\/revisions\/47380"}],"wp:featuredmedia":[{"embeddable":true,"href":"https:\/\/www.bombersdv.es\/es\/wp-json\/wp\/v2\/media\/47371"}],"wp:attachment":[{"href":"https:\/\/www.bombersdv.es\/es\/wp-json\/wp\/v2\/media?parent=47375"}],"wp:term":[{"taxonomy":"category","embeddable":true,"href":"https:\/\/www.bombersdv.es\/es\/wp-json\/wp\/v2\/categories?post=47375"},{"taxonomy":"post_tag","embeddable":true,"href":"https:\/\/www.bombersdv.es\/es\/wp-json\/wp\/v2\/tags?post=47375"}],"curies":[{"name":"wp","href":"https:\/\/api.w.org\/{rel}","templated":true}]}}