{"id":49161,"date":"2019-12-14T14:47:00","date_gmt":"2019-12-14T13:47:00","guid":{"rendered":"https:\/\/www.bombersdv.es\/?p=49161"},"modified":"2019-12-16T10:09:43","modified_gmt":"2019-12-16T09:09:43","slug":"el-consorcio-entrega-los-premios-del-iii-concurso-de-dibujo-asi-son-los-bomberos-donde-han-participado-1-300-ninos-y-ninas","status":"publish","type":"post","link":"https:\/\/www.bombersdv.es\/es\/el-consorcio-entrega-los-premios-del-iii-concurso-de-dibujo-asi-son-los-bomberos-donde-han-participado-1-300-ninos-y-ninas\/","title":{"rendered":"El Consorcio entrega los premios del III Concurso de Dibujo \u2018As\u00ed son los bomberos\u2019 donde han participado 1.300 ni\u00f1os y ni\u00f1as"},"content":{"rendered":"<p>El Consorcio Provincial de Bomberos de Val\u00e8ncia (CPBV) ha entregado esta ma\u00f1ana los premios del III Concurso de Dibujo \u2018As\u00ed son los bomberos\u2019, en el cual han participado 1.300 ni\u00f1os y ni\u00f1as de toda la provincia de Val\u00e8ncia.<\/p>\n<p>&nbsp;<\/p>\n<p>El gerente del Consorcio, Jos\u00e9 Manuel Ballester, el jefe de parque de Catarroja (donde se ha celebrado el acto), Jos\u00e9 Vicente Balbastre, y el alcalde de Catarroja, Jes\u00fas Monz\u00f3, han sido los encargados de entregar a los 10 finalistas de cada una de las cuatro categor\u00eda, un diploma y una bolsa con varios obsequios del Consorcio. Adem\u00e1s, los tres ganadores han recibido una reproducci\u00f3n del casco que utilizan los bomberos.<\/p>\n<p>Este a\u00f1o, la participaci\u00f3n ha aumentado un 40% respecto a la edici\u00f3n anterior, y el Consorcio ha recibido 1.300 dibujos realizados por ni\u00f1os de entre 3 y 12 a\u00f1os de toda la provincia de Val\u00e8ncia que reflejan la tarea de los bomberos en diferentes situaciones.<\/p>\n<p>&nbsp;<\/p>\n<p>\u201cMuchos de los dibujos nos*trasladan mensajes de agradecimiento. Los ni\u00f1os y ni\u00f1as saben que los bomberos apagan fuegos, rescatan personas y animales. Tambi\u00e9n saben que actuamos en inundaciones y que tienen que gritar al 112 en caso de emergencia\u201d, ha explicado el gerente del Consorcio. Al acto de hoy han asistido m\u00e1s de 100 personas, que han disfrutado de la actuaci\u00f3n de Marcel el Marci\u00e0 y han podido subir a la galer\u00eda de entrenamiento y conocer el resto del parque de bomberos de Catarroja.<\/p>\n<p>&nbsp;<\/p>\n<p><img decoding=\"async\" class=\"aligncenter size-medium wp-image-49061\" src=\"https:\/\/www.bombersdv.es\/wp-content\/uploads\/2019\/12\/HUGO-PEREZ-CAMARENA_split_1_Page_1-300x213.jpeg\" alt=\"\" width=\"300\" height=\"213\" srcset=\"https:\/\/www.bombersdv.es\/wp-content\/uploads\/2019\/12\/HUGO-PEREZ-CAMARENA_split_1_Page_1-200x142.jpeg 200w, https:\/\/www.bombersdv.es\/wp-content\/uploads\/2019\/12\/HUGO-PEREZ-CAMARENA_split_1_Page_1-300x214.jpeg 300w, https:\/\/www.bombersdv.es\/wp-content\/uploads\/2019\/12\/HUGO-PEREZ-CAMARENA_split_1_Page_1-400x284.jpeg 400w, https:\/\/www.bombersdv.es\/wp-content\/uploads\/2019\/12\/HUGO-PEREZ-CAMARENA_split_1_Page_1-600x425.jpeg 600w, https:\/\/www.bombersdv.es\/wp-content\/uploads\/2019\/12\/HUGO-PEREZ-CAMARENA_split_1_Page_1-768x544.jpeg 768w, https:\/\/www.bombersdv.es\/wp-content\/uploads\/2019\/12\/HUGO-PEREZ-CAMARENA_split_1_Page_1-800x567.jpeg 800w, https:\/\/www.bombersdv.es\/wp-content\/uploads\/2019\/12\/HUGO-PEREZ-CAMARENA_split_1_Page_1-1024x726.jpeg 1024w, https:\/\/www.bombersdv.es\/wp-content\/uploads\/2019\/12\/HUGO-PEREZ-CAMARENA_split_1_Page_1-1200x851.jpeg 1200w, https:\/\/www.bombersdv.es\/wp-content\/uploads\/2019\/12\/HUGO-PEREZ-CAMARENA_split_1_Page_1.jpeg 2230w\" sizes=\"(max-width: 300px) 100vw, 300px\" \/><\/p>\n<p>LLISTAT PREMIATS:<\/p>\n<p>&nbsp;<\/p>\n<p>CATEGORIA 2014-HUI<\/p>\n<p>1\u00ba. Marc J\u00e1tiva Lozano. CEU SAN PABLO, MONTCADA<\/p>\n<p>2\u00ba. Cristian Canet. SANTOS PATRONOS ALZIRA<\/p>\n<p>3\u00ba. Valeria L\u00f3pez Lucas. CE X\u00daQUER ALZIRA<\/p>\n<p>&nbsp;<\/p>\n<p>CATEGORIA 2012-2013<\/p>\n<p>1\u00ba. Bianka Mart\u00ednez Amor\u00f3s RAM\u00d3N LAPORTA SINARCAS<\/p>\n<p>2\u00ba. \u00c1ngel Jurado Moreno. CEIP CERVANTES, LA POBLA<\/p>\n<p>3\u00ba. Nora Moya Llaosa. RAM\u00d3N LAPORTA SINARCAS<\/p>\n<p>&nbsp;<\/p>\n<p>CATEGORIA 2010-2011<\/p>\n<p>1\u00ba.\u00a0 Adriana Bonifacio Rovira. TRULLAS BENIFAI\u00d3<\/p>\n<p>2\u00ba Ester Fern\u00e1ndez Garc\u00eda. SANTOS PATRONOS ALZIRA<\/p>\n<p>3\u00ba M\u00f3nica Adri\u00e0 Iniesta. CEIP BLASCO IB\u00c1\u00d1EZ BENET\u00daSSER<\/p>\n<p>&nbsp;<\/p>\n<p>CATEGORIA 2009-2008<\/p>\n<p>1\u00ba. Milana Cimabaraite. CEIP CERVANTES GANDIA<\/p>\n<p>2\u00ba. Diana Ric\u00f3s Juan. LA BALAGUERA, ALBAL<\/p>\n<p>3\u00ba. Lila Iglesias Groba. CEIP CERVANTES, GANDIA<\/p>\n","protected":false},"excerpt":{"rendered":"<p>El Consorcio Provincial de Bomberos de Val\u00e8ncia (CPBV) ha entregado esta ma\u00f1ana los premios del III Concurso de Dibujo \u2018As\u00ed son los bomberos\u2019, en el cual han participado 1.300 ni\u00f1os y ni\u00f1as de toda la provincia de Val\u00e8ncia. &nbsp; El gerente del Consorcio, Jos\u00e9 Manuel Ballester, el jefe de parque de Catarroja (donde se ha [&hellip;]<\/p>\n","protected":false},"author":25,"featured_media":49044,"comment_status":"closed","ping_status":"closed","sticky":false,"template":"","format":"standard","meta":{"footnotes":""},"categories":[1493,237],"tags":[],"class_list":["post-49161","post","type-post","status-publish","format-standard","has-post-thumbnail","hentry","category-divulgacion-escolar","category-noticias-recientes-es"],"_links":{"self":[{"href":"https:\/\/www.bombersdv.es\/es\/wp-json\/wp\/v2\/posts\/49161"}],"collection":[{"href":"https:\/\/www.bombersdv.es\/es\/wp-json\/wp\/v2\/posts"}],"about":[{"href":"https:\/\/www.bombersdv.es\/es\/wp-json\/wp\/v2\/types\/post"}],"author":[{"embeddable":true,"href":"https:\/\/www.bombersdv.es\/es\/wp-json\/wp\/v2\/users\/25"}],"replies":[{"embeddable":true,"href":"https:\/\/www.bombersdv.es\/es\/wp-json\/wp\/v2\/comments?post=49161"}],"version-history":[{"count":1,"href":"https:\/\/www.bombersdv.es\/es\/wp-json\/wp\/v2\/posts\/49161\/revisions"}],"predecessor-version":[{"id":49162,"href":"https:\/\/www.bombersdv.es\/es\/wp-json\/wp\/v2\/posts\/49161\/revisions\/49162"}],"wp:featuredmedia":[{"embeddable":true,"href":"https:\/\/www.bombersdv.es\/es\/wp-json\/wp\/v2\/media\/49044"}],"wp:attachment":[{"href":"https:\/\/www.bombersdv.es\/es\/wp-json\/wp\/v2\/media?parent=49161"}],"wp:term":[{"taxonomy":"category","embeddable":true,"href":"https:\/\/www.bombersdv.es\/es\/wp-json\/wp\/v2\/categories?post=49161"},{"taxonomy":"post_tag","embeddable":true,"href":"https:\/\/www.bombersdv.es\/es\/wp-json\/wp\/v2\/tags?post=49161"}],"curies":[{"name":"wp","href":"https:\/\/api.w.org\/{rel}","templated":true}]}}