{"id":49247,"date":"2019-12-20T18:05:14","date_gmt":"2019-12-20T17:05:14","guid":{"rendered":"https:\/\/www.bombersdv.es\/?p=49247"},"modified":"2019-12-20T18:05:14","modified_gmt":"2019-12-20T17:05:14","slug":"30-mandos-de-bomberos-toman-posesion-en-el-consorcio","status":"publish","type":"post","link":"https:\/\/www.bombersdv.es\/es\/30-mandos-de-bomberos-toman-posesion-en-el-consorcio\/","title":{"rendered":"30 mandos de bomberos toman posesi\u00f3n en el Consorcio"},"content":{"rendered":"<p>30 mandos de bomberos han tomado hoy posesi\u00f3n de sus cargos en el Consorcio Provincial de Bomberos de Val\u00e8ncia. El acto ha estado encabezado por la presidenta de la instituci\u00f3n, Maria Josep Amig\u00f3, y por el presidente de la Diputaci\u00f3n, Toni Gaspar.<\/p>\n<p>En concreto, 22 bomberos (19 de ellos de promoci\u00f3n interna y 3 m\u00e1s del turno de movilidad) pasan a ser cabos, 5 sargentos y 3 oficiales, tras haber pasado todos ellos los correspondientes procesos selectivos y cursos de formaci\u00f3n.<\/p>\n<p>La presidenta del Consorcio ha tenido unas palabras de bienvenida hacia los nuevos mandos, quienes le han entregado una orla de su promoci\u00f3n. Tambi\u00e9n les ha recibido el inspector jefe, Jos\u00e9 Miguel Basset, quien les ha animado en esta nueva andadura.<\/p>\n","protected":false},"excerpt":{"rendered":"<p>30 mandos de bomberos han tomado hoy posesi\u00f3n de sus cargos en el Consorcio Provincial de Bomberos de Val\u00e8ncia. El acto ha estado encabezado por la presidenta de la instituci\u00f3n, Maria Josep Amig\u00f3, y por el presidente de la Diputaci\u00f3n, Toni Gaspar. En concreto, 22 bomberos (19 de ellos de promoci\u00f3n interna y 3 m\u00e1s [&hellip;]<\/p>\n","protected":false},"author":25,"featured_media":49245,"comment_status":"closed","ping_status":"closed","sticky":false,"template":"","format":"standard","meta":{"footnotes":""},"categories":[237],"tags":[],"class_list":["post-49247","post","type-post","status-publish","format-standard","has-post-thumbnail","hentry","category-noticias-recientes-es"],"_links":{"self":[{"href":"https:\/\/www.bombersdv.es\/es\/wp-json\/wp\/v2\/posts\/49247"}],"collection":[{"href":"https:\/\/www.bombersdv.es\/es\/wp-json\/wp\/v2\/posts"}],"about":[{"href":"https:\/\/www.bombersdv.es\/es\/wp-json\/wp\/v2\/types\/post"}],"author":[{"embeddable":true,"href":"https:\/\/www.bombersdv.es\/es\/wp-json\/wp\/v2\/users\/25"}],"replies":[{"embeddable":true,"href":"https:\/\/www.bombersdv.es\/es\/wp-json\/wp\/v2\/comments?post=49247"}],"version-history":[{"count":2,"href":"https:\/\/www.bombersdv.es\/es\/wp-json\/wp\/v2\/posts\/49247\/revisions"}],"predecessor-version":[{"id":49249,"href":"https:\/\/www.bombersdv.es\/es\/wp-json\/wp\/v2\/posts\/49247\/revisions\/49249"}],"wp:featuredmedia":[{"embeddable":true,"href":"https:\/\/www.bombersdv.es\/es\/wp-json\/wp\/v2\/media\/49245"}],"wp:attachment":[{"href":"https:\/\/www.bombersdv.es\/es\/wp-json\/wp\/v2\/media?parent=49247"}],"wp:term":[{"taxonomy":"category","embeddable":true,"href":"https:\/\/www.bombersdv.es\/es\/wp-json\/wp\/v2\/categories?post=49247"},{"taxonomy":"post_tag","embeddable":true,"href":"https:\/\/www.bombersdv.es\/es\/wp-json\/wp\/v2\/tags?post=49247"}],"curies":[{"name":"wp","href":"https:\/\/api.w.org\/{rel}","templated":true}]}}