{"id":54160,"date":"2021-04-01T12:51:50","date_gmt":"2021-04-01T10:51:50","guid":{"rendered":"https:\/\/www.bombersdv.es\/?p=54160"},"modified":"2021-04-01T12:58:13","modified_gmt":"2021-04-01T10:58:13","slug":"el-consorcio-provincial-de-bomberos-de-valencia-advierte-de-los-riesgos-en-las-actividades-en-la-montana","status":"publish","type":"post","link":"https:\/\/www.bombersdv.es\/es\/el-consorcio-provincial-de-bomberos-de-valencia-advierte-de-los-riesgos-en-las-actividades-en-la-montana\/","title":{"rendered":"El Consorcio Provincial de Bomberos de Val\u00e8ncia advierte de los riesgos en las actividades en la monta\u00f1a"},"content":{"rendered":"<p>Ante las previsiones de una mayor afluencia de gente practicando actividades en el medio natural durante la Semana Santa, el Consorcio Provincial de Bomberos de Val\u00e8ncia lanza una campa\u00f1a de prevenci\u00f3n para evitar riesgos en la monta\u00f1a. As\u00ed, el Consorcio ha difundido un video divulgativo y tambi\u00e9n una serie de consejos.<\/p>\n<p>El Consorcio Provincial de Bomberos de Val\u00e8ncia recomienda a la ciudadan\u00eda mucha precauci\u00f3n a la hora de llevar a cabo este tipo de actividades. Hay que recordar que en 2020 el Consorcio realiz\u00f3 205 rescates rurales, mientras que a lo largo del 2021 ya se han hecho 71. De ellos, cerca de 40 corresponden a rescates de gente que estaba practicando actividades en la monta\u00f1a y han sufrido ca\u00eddas, se han desorientado, o han sufrido situaciones como lipotimias. <\/p>\n<p>El inspector jefe del Consorcio, Jos\u00e9 Miguel Basset, recomienda que \u201cen cualquier actividad en la monta\u00f1a es fundamental su preparaci\u00f3n, antes de salir hay que repasar que llevamos todo lo necesario en cuanto a equipamiento t\u00e9cnico, de ropa, y de bebida y comida\u201d. Y es que la falta de l\u00edquidos puede provocar deshidrataci\u00f3n, y aspectos b\u00e1sicos como no llevar un calzado adecuado podr\u00eda conducir a una torcedura del pie que acabara en lesi\u00f3n. Tambi\u00e9n se desaconseja ir a solas. \u201cSiempre es recomendable ir en compa\u00f1\u00eda, y antes de irnos avisar a alg\u00fan conocido de cu\u00e1l es la ruta que vamos a hacer\u201d. <\/p>\n<p>Basset a\u00f1ade que \u201ces importante informarse con antelaci\u00f3n de la ruta, de las previsiones meteorol\u00f3gicas, y revisar peri\u00f3dicamente la cobertura del m\u00f3vil\u201d. En este sentido, las soluciones tecnol\u00f3gicas de geolocalizaci\u00f3n podr\u00edan ser de utilidad en caso de sufrir una situaci\u00f3n de emergencia. <\/p>\n<p>Y si a pesar de todo, se sufre alguna emergencia, hay que llamar r\u00e1pidamente al 1-1-2 para poder activar todos los recursos de rescate necesarios. La presidenta del Consorcio de Bomberos de Val\u00e8ncia, Maria Josep Amig\u00f3, recuerda que  \u201cel Consorcio cuenta, adem\u00e1s de los recursos ordinarios, con un Grupo de Rescate Especial en Altura, GERA, capaz de llegar hasta los lugares m\u00e1s inaccesibles y de hacer rescates a\u00e9reos con el helic\u00f3ptero de rescate de GVA\u201d. \u201cAun as\u00ed, pedimos a la ciudadan\u00eda mucha precauci\u00f3n, para hacer de la prevenci\u00f3n la mejor aliada en las salidas a la monta\u00f1a\u201d solicita Maria Josep Amig\u00f3.<\/p>\n<p>El video de la campa\u00f1a se puede ver en: <a href=\"https:\/\/www.youtube.com\/watch?v=zW7ZkWljYOA\" rel=\"noopener\" target=\"_blank\">https:\/\/www.youtube.com\/watch?v=zW7ZkWljYOA<\/a><\/p>\n","protected":false},"excerpt":{"rendered":"<p>Ante las previsiones de una mayor afluencia de gente practicando actividades en el medio natural durante la Semana Santa, el Consorcio Provincial de Bomberos de Val\u00e8ncia lanza una campa\u00f1a de prevenci\u00f3n para evitar riesgos en la monta\u00f1a. As\u00ed, el Consorcio ha difundido un video divulgativo y tambi\u00e9n una serie de consejos. El Consorcio Provincial de [&hellip;]<\/p>\n","protected":false},"author":25,"featured_media":54158,"comment_status":"closed","ping_status":"closed","sticky":false,"template":"","format":"standard","meta":{"footnotes":""},"categories":[308],"tags":[3222,3206,3223,3229,3274],"class_list":["post-54160","post","type-post","status-publish","format-standard","has-post-thumbnail","hentry","category-news-es","tag-accidentes-montana","tag-consorcio-provincial-bomberos-valencia","tag-gera-es","tag-rescates","tag-semana-santa"],"_links":{"self":[{"href":"https:\/\/www.bombersdv.es\/es\/wp-json\/wp\/v2\/posts\/54160"}],"collection":[{"href":"https:\/\/www.bombersdv.es\/es\/wp-json\/wp\/v2\/posts"}],"about":[{"href":"https:\/\/www.bombersdv.es\/es\/wp-json\/wp\/v2\/types\/post"}],"author":[{"embeddable":true,"href":"https:\/\/www.bombersdv.es\/es\/wp-json\/wp\/v2\/users\/25"}],"replies":[{"embeddable":true,"href":"https:\/\/www.bombersdv.es\/es\/wp-json\/wp\/v2\/comments?post=54160"}],"version-history":[{"count":4,"href":"https:\/\/www.bombersdv.es\/es\/wp-json\/wp\/v2\/posts\/54160\/revisions"}],"predecessor-version":[{"id":54168,"href":"https:\/\/www.bombersdv.es\/es\/wp-json\/wp\/v2\/posts\/54160\/revisions\/54168"}],"wp:featuredmedia":[{"embeddable":true,"href":"https:\/\/www.bombersdv.es\/es\/wp-json\/wp\/v2\/media\/54158"}],"wp:attachment":[{"href":"https:\/\/www.bombersdv.es\/es\/wp-json\/wp\/v2\/media?parent=54160"}],"wp:term":[{"taxonomy":"category","embeddable":true,"href":"https:\/\/www.bombersdv.es\/es\/wp-json\/wp\/v2\/categories?post=54160"},{"taxonomy":"post_tag","embeddable":true,"href":"https:\/\/www.bombersdv.es\/es\/wp-json\/wp\/v2\/tags?post=54160"}],"curies":[{"name":"wp","href":"https:\/\/api.w.org\/{rel}","templated":true}]}}