{"id":56133,"date":"2021-10-27T10:10:22","date_gmt":"2021-10-27T08:10:22","guid":{"rendered":"https:\/\/www.bombersdv.es\/?p=56133"},"modified":"2021-10-27T10:10:22","modified_gmt":"2021-10-27T08:10:22","slug":"abierto-el-plazo-de-inscripcion-para-el-27-o-congreso-de-aself","status":"publish","type":"post","link":"https:\/\/www.bombersdv.es\/es\/abierto-el-plazo-de-inscripcion-para-el-27-o-congreso-de-aself\/","title":{"rendered":"Abierto el plazo de inscripci\u00f3n para el 27.\u00ba Congreso de Aself"},"content":{"rendered":"<p>Hasta el 12 de noviembre est\u00e1 abierto el plazo para inscribirse en el \u201c27.\u00ba Congreso Nacional de Bomberos\u201d, organizado por ASELF y que tendr\u00e1 lugar los d\u00edas 16,17, y 18 de noviembre en Murcia.<span class=\"Apple-converted-space\">\u00a0<\/span><\/p>\n<p>Este a\u00f1o el Congreso se celebrar\u00e1 presencialmente y a la vez se retransmitir\u00e1 online. El eje principal de esta edici\u00f3n es el papel que tiene en la actualidad en el campo de la Seguridad Contra Incendios, la Gesti\u00f3n de las Emergencias y la Protecci\u00f3n Civil. Hay programadas varias ponencias y talleres y los bloques tem\u00e1ticos ser\u00e1n \u201cEl oficio de bombero\u201d, \u201cLos riesgos antr\u00f3picos\u201d y \u201cLos riesgos naturales\u201d.<span class=\"Apple-converted-space\">\u00a0<\/span><\/p>\n<p>Para conocer todos los detalles del congreso y realizar la inscripci\u00f3n, clicad aqu\u00ed:\u00a0<a href=\"https:\/\/www.aself.org\/abierto-plazo-de-inscripcion-27o-congreso-nacional-de-bomberos\/\">https:\/\/www.aself.org\/abierto-plazo-de-inscripcion-27o-congreso-nacional-de-bomberos\/<\/a><\/p>\n","protected":false},"excerpt":{"rendered":"<p>Hasta el 12 de noviembre est\u00e1 abierto el plazo para inscribirse en el \u201c27.\u00ba Congreso Nacional de Bomberos\u201d, organizado por ASELF y que tendr\u00e1 lugar los d\u00edas 16,17, y 18 de noviembre en Murcia.\u00a0 Este a\u00f1o el Congreso se celebrar\u00e1 presencialmente y a la vez se retransmitir\u00e1 online. El eje principal de esta edici\u00f3n es [&hellip;]<\/p>\n","protected":false},"author":25,"featured_media":56131,"comment_status":"closed","ping_status":"closed","sticky":false,"template":"","format":"standard","meta":{"footnotes":""},"categories":[308],"tags":[3400,3401],"class_list":["post-56133","post","type-post","status-publish","format-standard","has-post-thumbnail","hentry","category-news-es","tag-aself-es","tag-consorci-bombers-valencia-es"],"_links":{"self":[{"href":"https:\/\/www.bombersdv.es\/es\/wp-json\/wp\/v2\/posts\/56133"}],"collection":[{"href":"https:\/\/www.bombersdv.es\/es\/wp-json\/wp\/v2\/posts"}],"about":[{"href":"https:\/\/www.bombersdv.es\/es\/wp-json\/wp\/v2\/types\/post"}],"author":[{"embeddable":true,"href":"https:\/\/www.bombersdv.es\/es\/wp-json\/wp\/v2\/users\/25"}],"replies":[{"embeddable":true,"href":"https:\/\/www.bombersdv.es\/es\/wp-json\/wp\/v2\/comments?post=56133"}],"version-history":[{"count":1,"href":"https:\/\/www.bombersdv.es\/es\/wp-json\/wp\/v2\/posts\/56133\/revisions"}],"predecessor-version":[{"id":56134,"href":"https:\/\/www.bombersdv.es\/es\/wp-json\/wp\/v2\/posts\/56133\/revisions\/56134"}],"wp:featuredmedia":[{"embeddable":true,"href":"https:\/\/www.bombersdv.es\/es\/wp-json\/wp\/v2\/media\/56131"}],"wp:attachment":[{"href":"https:\/\/www.bombersdv.es\/es\/wp-json\/wp\/v2\/media?parent=56133"}],"wp:term":[{"taxonomy":"category","embeddable":true,"href":"https:\/\/www.bombersdv.es\/es\/wp-json\/wp\/v2\/categories?post=56133"},{"taxonomy":"post_tag","embeddable":true,"href":"https:\/\/www.bombersdv.es\/es\/wp-json\/wp\/v2\/tags?post=56133"}],"curies":[{"name":"wp","href":"https:\/\/api.w.org\/{rel}","templated":true}]}}