{"id":61549,"date":"2022-11-03T14:25:41","date_gmt":"2022-11-03T13:25:41","guid":{"rendered":"https:\/\/www.bombersdv.es\/?p=61549"},"modified":"2022-11-03T14:25:41","modified_gmt":"2022-11-03T13:25:41","slug":"abiertas-las-inscripciones-para-el-encuentro-interno-de-excarcelacion","status":"publish","type":"post","link":"https:\/\/www.bombersdv.es\/es\/abiertas-las-inscripciones-para-el-encuentro-interno-de-excarcelacion\/","title":{"rendered":"Abiertas las inscripciones para el Encuentro Interno de Excarcelaci\u00f3n"},"content":{"rendered":"<p>El XIV Encuentro Interno de Excarcelaci\u00f3n del Consorcio de Bomberos de Valencia calienta motores con la apertura del plazo de inscripciones de los equipos, que ya se pueden apuntar hasta el 2 de diciembre. Los tr\u00e1mites se hacen a trav\u00e9s de la p\u00e1gina web del Consorcio, haciendo click <a href=\"https:\/\/docs.google.com\/forms\/d\/e\/1FAIpQLSc-V7gZ0fRYRp0nUGtkW6s8Wr2kOkSsnVmWi4EDm1zg5vNcMg\/viewform\">AQU\u00cd.<\/a><\/p>\n<p>La cita tendr\u00e1 lugar en el mes de abril de 2023, en fechas y ubicaci\u00f3n que se dar\u00e1n a conocer pr\u00f3ximamente. Un encuentro interno de gran relevancia, ya que de \u00e9l saldr\u00e1n los participantes que acudir\u00e1n al nacional de Sevilla del 2023, la antesala del mundial del Lanzarote de ese mismo a\u00f1o.<span class=\"Apple-converted-space\">\u00a0<\/span><\/p>\n<p>Junto a la l\u00ednea clasificatoria, el encuentro interno contar\u00e1 tambi\u00e9n con l\u00ednea no clasificatoria. En ambos casos el encuentro interno del Consorcio de Valencia ser\u00e1 una oportunidad de oro para aplicar las novedades de la Gu\u00eda T\u00e1ctica de Rescates en Accidentes de tr\u00e1fico, documento interno actualizado este a\u00f1o, y adem\u00e1s tambi\u00e9n se reforzar\u00e1n los desaf\u00edos t\u00e9cnicos y la aplicaci\u00f3n de la maniobra indeterminada, en que no se conoce el estado de la v\u00edctima.<\/p>\n<p>Hay que recordar que el Consorcio de Bomberos de Valencia acumula un amplio bagaje y experiencia en el \u00e1mbito de la preparaci\u00f3n y formaci\u00f3n en rescates de accidentes de tr\u00e1fico, a trav\u00e9s del continuo trabajo del COMENEX a lo largo de todo el a\u00f1o. Un bagaje que ya se ha traducido en un gran palmar\u00e9s de premios en los \u00faltimos tiempos, el \u00faltimo con la proclamaci\u00f3n de campeones del mundo en septiembre de 2022 en Luxemburgo.<\/p>\n<p>Cualquier duda o consulta sobre el encuentro interno se puede dirigir a la direcci\u00f3n de correo comenex.vlc@gmail.com<\/p>\n","protected":false},"excerpt":{"rendered":"<p>El XIV Encuentro Interno de Excarcelaci\u00f3n del Consorcio de Bomberos de Valencia calienta motores con la apertura del plazo de inscripciones de los equipos, que ya se pueden apuntar hasta el 2 de diciembre. Los tr\u00e1mites se hacen a trav\u00e9s de la p\u00e1gina web del Consorcio, haciendo click AQU\u00cd. La cita tendr\u00e1 lugar en el [&hellip;]<\/p>\n","protected":false},"author":25,"featured_media":61547,"comment_status":"closed","ping_status":"closed","sticky":false,"template":"","format":"standard","meta":{"footnotes":""},"categories":[2915,308],"tags":[3262,3244,3657,3658],"class_list":["post-61549","post","type-post","status-publish","format-standard","has-post-thumbnail","hentry","category-comenex-es","category-news-es","tag-comenex-es","tag-consorcio-bomberos-valencia","tag-encuentro-interno-de-excarcelacion","tag-rescate-accidents-trafico"],"_links":{"self":[{"href":"https:\/\/www.bombersdv.es\/es\/wp-json\/wp\/v2\/posts\/61549"}],"collection":[{"href":"https:\/\/www.bombersdv.es\/es\/wp-json\/wp\/v2\/posts"}],"about":[{"href":"https:\/\/www.bombersdv.es\/es\/wp-json\/wp\/v2\/types\/post"}],"author":[{"embeddable":true,"href":"https:\/\/www.bombersdv.es\/es\/wp-json\/wp\/v2\/users\/25"}],"replies":[{"embeddable":true,"href":"https:\/\/www.bombersdv.es\/es\/wp-json\/wp\/v2\/comments?post=61549"}],"version-history":[{"count":1,"href":"https:\/\/www.bombersdv.es\/es\/wp-json\/wp\/v2\/posts\/61549\/revisions"}],"predecessor-version":[{"id":61550,"href":"https:\/\/www.bombersdv.es\/es\/wp-json\/wp\/v2\/posts\/61549\/revisions\/61550"}],"wp:featuredmedia":[{"embeddable":true,"href":"https:\/\/www.bombersdv.es\/es\/wp-json\/wp\/v2\/media\/61547"}],"wp:attachment":[{"href":"https:\/\/www.bombersdv.es\/es\/wp-json\/wp\/v2\/media?parent=61549"}],"wp:term":[{"taxonomy":"category","embeddable":true,"href":"https:\/\/www.bombersdv.es\/es\/wp-json\/wp\/v2\/categories?post=61549"},{"taxonomy":"post_tag","embeddable":true,"href":"https:\/\/www.bombersdv.es\/es\/wp-json\/wp\/v2\/tags?post=61549"}],"curies":[{"name":"wp","href":"https:\/\/api.w.org\/{rel}","templated":true}]}}