{"id":65777,"date":"2023-06-23T14:00:16","date_gmt":"2023-06-23T12:00:16","guid":{"rendered":"https:\/\/www.bombersdv.es\/?p=65777"},"modified":"2023-06-23T14:00:16","modified_gmt":"2023-06-23T12:00:16","slug":"el-consorcio-de-bomberos-de-valencia-presenta-su-nuevo-servicio-de-mediacion","status":"publish","type":"post","link":"https:\/\/www.bombersdv.es\/es\/el-consorcio-de-bomberos-de-valencia-presenta-su-nuevo-servicio-de-mediacion\/","title":{"rendered":"El Consorcio de Bomberos de Valencia presenta su nuevo servicio de mediaci\u00f3n"},"content":{"rendered":"<p>El parque de bomberos de Torrent ha acogido la presentaci\u00f3n del nuevo servicio de mediaci\u00f3n del Consorcio de Bomberos de Valencia, un avance en materia laboral que se enmarca en el protocolo de Prevenci\u00f3n y Actuaci\u00f3n ante la Violencia Laboral aprobado por el Consorcio el pasado a\u00f1o.<span class=\"Apple-converted-space\">\u00a0<\/span><\/p>\n<p>As\u00ed, cuando haya un conflicto las partes implicadas trabajar\u00e1n con un equipo mediador imparcial, conformado por personal del propio Consorcio, que ayuda en la consecuci\u00f3n de acuerdos y soluciones. Y es que detr\u00e1s de un conflicto suele haber una mala comunicaci\u00f3n, falta de control en la gesti\u00f3n de las emociones, desinformaci\u00f3n, intereses contrapuestos, creencias y valores que se perciben como incompatibles o roles no definidos. En este contexto la mediaci\u00f3n se pone a disposici\u00f3n de los trabajadores y trabajadoras del CPBV como un proceso voluntario de las partes, planteado desde la colaboraci\u00f3n, el di\u00e1logo, el respeto y la confidencialidad.<\/p>\n<p>Como parte de los objetivos que recoge el Protocolo de Prevenci\u00f3n y Actuaci\u00f3n ante la Violencia Laboral en el CPBV, son fundamentales las actividades de divulgaci\u00f3n y por eso se ha se ha llevado a cabo una presentaci\u00f3n en el parque de bomberos de Torrent por parte de David Pi\u00e9lago, psic\u00f3logo de empresas del \u00c1rea de Seguridad y Salud de FREMAP, qui\u00e9n particip\u00f3 activamente en la elaboraci\u00f3n del Protocolo del Consorcio.<\/p>\n<p>Tanto el gerente del Consorcio, Josep Ballester, como el Inspector Jefe, Jos\u00e9 Miguel Basset, presentes en el acto, han trasladado el respaldo e inter\u00e9s del Consorcio en este procedimiento, destacando como un objetivo prioritario el desempe\u00f1o del trabajo en un entorno laboral de colaboraci\u00f3n y respeto.<\/p>\n<p>Unos objetivos de plena actualidad, ya que el pasado 25 de mayo entr\u00f3 en vigor en Espa\u00f1a el Convenio de Ginebra sobre la eliminaci\u00f3n de la violencia en el mundo del trabajo.<span class=\"Apple-converted-space\">\u00a0<\/span><\/p>\n<p>El formulario de comunicaci\u00f3n de posibles situaciones de conflicto laboral es confidencial y es dirigido directamente al correo del Equipo de mediaci\u00f3n. Se encuentra disponible en el Portal del Empleado: <span class=\"Apple-converted-space\">\u00a0<\/span><\/p>\n<p><b><i>Normativa interna\\Recursos Humans\\Enlace Formulario comunicaci\u00f3n<span class=\"Apple-converted-space\">\u00a0<\/span><\/i><\/b><\/p>\n<p><a href=\"https:\/\/www.bombersdv.es\/es\/portal-de-lempleat\/prevencion-de-riesgos-laborales\/formulario-de-comunicado-de-riesgos\/\"><b><i>https:\/\/www.bombersdv.es\/es\/portal-de-lempleat\/prevencion-de-riesgos-laborales\/formulario-de-comunicado-de-riesgos\/<\/i><\/b><b><i><\/i><\/b><\/a><\/p>\n","protected":false},"excerpt":{"rendered":"<p>El parque de bomberos de Torrent ha acogido la presentaci\u00f3n del nuevo servicio de mediaci\u00f3n del Consorcio de Bomberos de Valencia, un avance en materia laboral que se enmarca en el protocolo de Prevenci\u00f3n y Actuaci\u00f3n ante la Violencia Laboral aprobado por el Consorcio el pasado a\u00f1o.\u00a0 As\u00ed, cuando haya un conflicto las partes implicadas [&hellip;]<\/p>\n","protected":false},"author":25,"featured_media":65775,"comment_status":"closed","ping_status":"closed","sticky":false,"template":"","format":"standard","meta":{"footnotes":""},"categories":[308],"tags":[3244,3803],"class_list":["post-65777","post","type-post","status-publish","format-standard","has-post-thumbnail","hentry","category-news-es","tag-consorcio-bomberos-valencia","tag-mediacion-laboral"],"_links":{"self":[{"href":"https:\/\/www.bombersdv.es\/es\/wp-json\/wp\/v2\/posts\/65777"}],"collection":[{"href":"https:\/\/www.bombersdv.es\/es\/wp-json\/wp\/v2\/posts"}],"about":[{"href":"https:\/\/www.bombersdv.es\/es\/wp-json\/wp\/v2\/types\/post"}],"author":[{"embeddable":true,"href":"https:\/\/www.bombersdv.es\/es\/wp-json\/wp\/v2\/users\/25"}],"replies":[{"embeddable":true,"href":"https:\/\/www.bombersdv.es\/es\/wp-json\/wp\/v2\/comments?post=65777"}],"version-history":[{"count":1,"href":"https:\/\/www.bombersdv.es\/es\/wp-json\/wp\/v2\/posts\/65777\/revisions"}],"predecessor-version":[{"id":65778,"href":"https:\/\/www.bombersdv.es\/es\/wp-json\/wp\/v2\/posts\/65777\/revisions\/65778"}],"wp:featuredmedia":[{"embeddable":true,"href":"https:\/\/www.bombersdv.es\/es\/wp-json\/wp\/v2\/media\/65775"}],"wp:attachment":[{"href":"https:\/\/www.bombersdv.es\/es\/wp-json\/wp\/v2\/media?parent=65777"}],"wp:term":[{"taxonomy":"category","embeddable":true,"href":"https:\/\/www.bombersdv.es\/es\/wp-json\/wp\/v2\/categories?post=65777"},{"taxonomy":"post_tag","embeddable":true,"href":"https:\/\/www.bombersdv.es\/es\/wp-json\/wp\/v2\/tags?post=65777"}],"curies":[{"name":"wp","href":"https:\/\/api.w.org\/{rel}","templated":true}]}}