{"id":68772,"date":"2024-03-15T13:40:48","date_gmt":"2024-03-15T12:40:48","guid":{"rendered":"https:\/\/www.bombersdv.es\/?p=68772"},"modified":"2024-03-15T13:40:48","modified_gmt":"2024-03-15T12:40:48","slug":"presentado-el-cartel-del-xv-encuentro-interno-de-rescates-en-accidentes-de-trafico","status":"publish","type":"post","link":"https:\/\/www.bombersdv.es\/es\/presentado-el-cartel-del-xv-encuentro-interno-de-rescates-en-accidentes-de-trafico\/","title":{"rendered":"Presentado el cartel del XV Encuentro Interno de Rescates en Accidentes de Tr\u00e1fico"},"content":{"rendered":"<p>Ya se ha presentado el cartel anunciador del pr\u00f3ximo Encuentro Interno de Rescate en Accidentes de Tr\u00e1fico del Consorcio de Bomberos de Valencia, que este a\u00f1o celebra su decimoquinta edici\u00f3n. Los d\u00edas 17 y 18 de abril, la zona de maniobras del \u00c1gora Parque Central de Torrent ser\u00e1 escenario de este encuentro interno, que supone cada a\u00f1o la culminaci\u00f3n a la preparaci\u00f3n diaria que los profesionales del Consorcio tienen en esta \u00e1rea, la de los rescates y excarcelaciones en accidentes de tr\u00e1fico.<span class=\"Apple-converted-space\">\u00a0<\/span><\/p>\n<p>Un alto nivel de entrenamiento que ya les ha llevado en anteriores ocasiones a ser campeones de Espa\u00f1a y del mundo en los encuentros nacionales e internacionales organizados en esta materia.<span class=\"Apple-converted-space\">\u00a0<\/span><\/p>\n<p>Para hacer realidad el evento interno de este a\u00f1o, unen sus fuerzas el Consorcio de Bomberos de Valencia, el ayuntamiento de Torrent, y la organizaci\u00f3n APRAT, y este 2024 adem\u00e1s se cuenta con la participaci\u00f3n del Consorcio de Bomberos de Alicante.<\/p>\n","protected":false},"excerpt":{"rendered":"<p>Ya se ha presentado el cartel anunciador del pr\u00f3ximo Encuentro Interno de Rescate en Accidentes de Tr\u00e1fico del Consorcio de Bomberos de Valencia, que este a\u00f1o celebra su decimoquinta edici\u00f3n. Los d\u00edas 17 y 18 de abril, la zona de maniobras del \u00c1gora Parque Central de Torrent ser\u00e1 escenario de este encuentro interno, que supone [&hellip;]<\/p>\n","protected":false},"author":25,"featured_media":68773,"comment_status":"closed","ping_status":"closed","sticky":false,"template":"","format":"standard","meta":{"footnotes":""},"categories":[2915,308],"tags":[3244,3924],"class_list":["post-68772","post","type-post","status-publish","format-standard","has-post-thumbnail","hentry","category-comenex-es","category-news-es","tag-consorcio-bomberos-valencia","tag-rescate-en-accidentes-de-trafico"],"_links":{"self":[{"href":"https:\/\/www.bombersdv.es\/es\/wp-json\/wp\/v2\/posts\/68772"}],"collection":[{"href":"https:\/\/www.bombersdv.es\/es\/wp-json\/wp\/v2\/posts"}],"about":[{"href":"https:\/\/www.bombersdv.es\/es\/wp-json\/wp\/v2\/types\/post"}],"author":[{"embeddable":true,"href":"https:\/\/www.bombersdv.es\/es\/wp-json\/wp\/v2\/users\/25"}],"replies":[{"embeddable":true,"href":"https:\/\/www.bombersdv.es\/es\/wp-json\/wp\/v2\/comments?post=68772"}],"version-history":[{"count":1,"href":"https:\/\/www.bombersdv.es\/es\/wp-json\/wp\/v2\/posts\/68772\/revisions"}],"predecessor-version":[{"id":68775,"href":"https:\/\/www.bombersdv.es\/es\/wp-json\/wp\/v2\/posts\/68772\/revisions\/68775"}],"wp:featuredmedia":[{"embeddable":true,"href":"https:\/\/www.bombersdv.es\/es\/wp-json\/wp\/v2\/media\/68773"}],"wp:attachment":[{"href":"https:\/\/www.bombersdv.es\/es\/wp-json\/wp\/v2\/media?parent=68772"}],"wp:term":[{"taxonomy":"category","embeddable":true,"href":"https:\/\/www.bombersdv.es\/es\/wp-json\/wp\/v2\/categories?post=68772"},{"taxonomy":"post_tag","embeddable":true,"href":"https:\/\/www.bombersdv.es\/es\/wp-json\/wp\/v2\/tags?post=68772"}],"curies":[{"name":"wp","href":"https:\/\/api.w.org\/{rel}","templated":true}]}}