{"id":72665,"date":"2025-04-12T21:27:43","date_gmt":"2025-04-12T19:27:43","guid":{"rendered":"https:\/\/www.bombersdv.es\/?p=72665"},"modified":"2025-04-12T21:27:43","modified_gmt":"2025-04-12T19:27:43","slug":"el-consorcio-de-bomberos-de-valencia-celebra-su-jornada-de-puertas-abiertas-y-el-homenaje-por-jubilaciones","status":"publish","type":"post","link":"https:\/\/www.bombersdv.es\/es\/el-consorcio-de-bomberos-de-valencia-celebra-su-jornada-de-puertas-abiertas-y-el-homenaje-por-jubilaciones\/","title":{"rendered":"El Consorcio de Bomberos de Valencia celebra su Jornada de Puertas Abiertas y el Homenaje por Jubilaciones"},"content":{"rendered":"<p>El Consorcio de Bomberos de Val\u00e8ncia ha celebrado este s\u00e1bado su Jornada de Puertas Abiertas y el acto de Homenaje por Jubilaciones, que ha tenido lugar en el \u00c1gora Parque Central de Torrent. El diputado de Medio Ambiente y presidente del Consorcio de Bomberos, Avelino Mascarell, ha visitado el recinto de exhibiciones y ha presidido el acto de homenaje a las personas jubiladas, acompa\u00f1ado de la alcaldesa de Torrent, y tambi\u00e9n diputada de Gobierno Abierto, Amparo Folgado.<span class=\"Apple-converted-space\">\u00a0<\/span><\/p>\n<p>Mascarell ha agradecido la colaboraci\u00f3n de Torrent a la hora de acoger estos actos, que han tenido un alto n\u00famero de visitantes. \u201cEs un d\u00eda para mostrarles nuestros recursos, nuestro trabajo y, sobre todo, nuestra esencia\u201d, ha destacado el presidente del Consorcio.<span class=\"Apple-converted-space\">\u00a0<\/span><\/p>\n<p>Miles de personas de todas las edades se han acercado a las exhibiciones llevadas a cabo durante la ma\u00f1ana, donde los visitantes han podido disfrutar de demostraciones de excarcelaciones en accidentes de tr\u00e1fico, la visita a la Galer\u00eda de Entrenamiento para aprender como actuar en una emergencia, e incluso han podido subir a los varios veh\u00edculos exhibidos, tanto camiones como veh\u00edculos ligeros y la Unidad M\u00f3vil de Mando.<span class=\"Apple-converted-space\">\u00a0<\/span><\/p>\n<p>Adem\u00e1s, se han exhibido los veh\u00edculos y herramientas de las Brigadas Forestales BRIFO, de la Unidad de Rescate en Emergencias, UREC, y todas las capacidades del GERA, Grupo de Rescate en Altura, que ha llegado al recinto a bordo del helic\u00f3ptero de rescate V-990 del Consorcio, que ha despertado gran expectaci\u00f3n.<span class=\"Apple-converted-space\">\u00a0<\/span><\/p>\n<p>Como colof\u00f3n, se ha celebrado el acto de homenaje por Jubilaciones, donde el diputado Avelino Mascarell ha puesto en valor el trabajo de las cerca de 80 personas, tanto de personal operativo como administrativo, que se han jubilado desde el 2023. Mascarell ha querido destacar que \u201choy homenajeamos a aquellos y aquellas que han dedicado d\u00e9cadas a salvar vidas, prevenir incendios, a entrar donde los dem\u00e1s no entran\u201d. Son \u201cgrandes profesionales, pero sobre todo, grandes personas\u201d, de los cuales \u201cadmiramos su vocaci\u00f3n y entrega, y el amor sincero que tienen por su oficio y por la ciudadan\u00eda\u201d.<span class=\"Apple-converted-space\">\u00a0<\/span><\/p>\n<p>As\u00ed, cada homenajeado ha subido el escenario para recibir su insignia conmemorativa, un momento muy emocionante tanto para estos profesionales como para las familias que los observaban desde el p\u00fablico.<span class=\"Apple-converted-space\">\u00a0<\/span><\/p>\n<p>Tambi\u00e9n durante este acto se han entrega una placa homenajeo a t\u00edtulo p\u00f3stumo a Lola Botella, quien fue presidenta del Consorcio de Bomberos del 2003 a 2008, as\u00ed como placas de agradecimiento a las empresas Luxury Cemento y Vicky *Foods por su colaboraci\u00f3n durante el incendio de Montitxelvo en 2023.<span class=\"Apple-converted-space\">\u00a0<\/span><\/p>\n<p>Al finalizar el acto, ha tenido lugar un vino de honor que ha puesto el cierre a una intensa jornada.<\/p>\n","protected":false},"excerpt":{"rendered":"<p>El Consorcio de Bomberos de Val\u00e8ncia ha celebrado este s\u00e1bado su Jornada de Puertas Abiertas y el acto de Homenaje por Jubilaciones, que ha tenido lugar en el \u00c1gora Parque Central de Torrent. El diputado de Medio Ambiente y presidente del Consorcio de Bomberos, Avelino Mascarell, ha visitado el recinto de exhibiciones y ha presidido [&hellip;]<\/p>\n","protected":false},"author":25,"featured_media":0,"comment_status":"closed","ping_status":"closed","sticky":false,"template":"","format":"standard","meta":{"footnotes":""},"categories":[308],"tags":[],"class_list":["post-72665","post","type-post","status-publish","format-standard","hentry","category-news-es"],"_links":{"self":[{"href":"https:\/\/www.bombersdv.es\/es\/wp-json\/wp\/v2\/posts\/72665"}],"collection":[{"href":"https:\/\/www.bombersdv.es\/es\/wp-json\/wp\/v2\/posts"}],"about":[{"href":"https:\/\/www.bombersdv.es\/es\/wp-json\/wp\/v2\/types\/post"}],"author":[{"embeddable":true,"href":"https:\/\/www.bombersdv.es\/es\/wp-json\/wp\/v2\/users\/25"}],"replies":[{"embeddable":true,"href":"https:\/\/www.bombersdv.es\/es\/wp-json\/wp\/v2\/comments?post=72665"}],"version-history":[{"count":1,"href":"https:\/\/www.bombersdv.es\/es\/wp-json\/wp\/v2\/posts\/72665\/revisions"}],"predecessor-version":[{"id":72666,"href":"https:\/\/www.bombersdv.es\/es\/wp-json\/wp\/v2\/posts\/72665\/revisions\/72666"}],"wp:attachment":[{"href":"https:\/\/www.bombersdv.es\/es\/wp-json\/wp\/v2\/media?parent=72665"}],"wp:term":[{"taxonomy":"category","embeddable":true,"href":"https:\/\/www.bombersdv.es\/es\/wp-json\/wp\/v2\/categories?post=72665"},{"taxonomy":"post_tag","embeddable":true,"href":"https:\/\/www.bombersdv.es\/es\/wp-json\/wp\/v2\/tags?post=72665"}],"curies":[{"name":"wp","href":"https:\/\/api.w.org\/{rel}","templated":true}]}}