{"id":72698,"date":"2025-04-17T16:42:34","date_gmt":"2025-04-17T14:42:34","guid":{"rendered":"https:\/\/www.bombersdv.es\/?p=72698"},"modified":"2025-04-17T16:42:34","modified_gmt":"2025-04-17T14:42:34","slug":"nuevas-franjas-de-proteccion-en-utiel","status":"publish","type":"post","link":"https:\/\/www.bombersdv.es\/es\/nuevas-franjas-de-proteccion-en-utiel\/","title":{"rendered":"Nuevas franjas de protecci\u00f3n en Utiel"},"content":{"rendered":"<p>Las brigadas forestales BRIFO del Consorcio Provincial de Bomberos de Valencia avanzan en los trabajos de prevenci\u00f3n de incendios en la interfaz urbano forestal que rodea las urbanizaciones de Casas de Medina y el Hontanar, en el t\u00e9rmino municipal de Utiel.<\/p>\n<p>Para ello, se trabaja en la apertura y mantenimiento de fajas perimetrales de al menos 30 metros de anchura, tal como establece la normativa vigente. De esta manera, se reduce la continuidad y la carga de combustible de biomasa en la franja en la que lindan el entorno forestal y los n\u00facleos habitados, protegiendo as\u00ed la seguridad de las personas que habitan en las viviendas, ya que se disminuye la capacidad de propagaci\u00f3n de los incendios. Adem\u00e1s, esta zona de seguridad facilita la intervenci\u00f3n del dispositivo de emergencias en una eventual movilizaci\u00f3n.<span class=\"Apple-converted-space\">\u00a0<\/span><\/p>\n<p>Con una superficie de trabajo de m\u00e1s de 40 hect\u00e1reas, esta interfaz \u201ces una de las m\u00e1s relevantes en las que est\u00e1n trabajando las brigadas de cara a los meses de mayor riesgo de incendios, no solo en la comarca de Utiel Requena, sino en toda la provincia de Valencia\u201d, explica el presidente del Consorcio y diputado de Medio Ambiente, Avelino Mascarell, e incide en que \u201cla estrategia de lucha contra el fuego debe partir siempre de un trabajo preventivo, que llevan a cabo las brigadas desplegadas a lo largo y ancho de todas las comarcas, durante todo el a\u00f1o\u201d. \u201cEstamos empe\u00f1ados en prevenir, y tambi\u00e9n en generar una industria a trav\u00e9s del aprovechamiento de la biomasa forestal que estimule la inversi\u00f3n y el emprendimiento privados en nuestro interior y coopere con la gesti\u00f3n p\u00fablica de nuestros bosques\u201d.<\/p>\n<p>En la misma l\u00ednea se manifiesta el alcalde de Utiel, Ricardo Gabald\u00f3n, que recuerda que \u201cla seguridad de estos n\u00facleos poblacionales es una prioridad para el ayuntamiento de Utiel; y el Consorcio ha demostrado que tambi\u00e9n lo es para esta entidad dependiente de la Diputaci\u00f3n\u201d y ha recordado que \u201ctanto en Casas de Medina como en el Hontanar habitan personas durante todo el a\u00f1o, no solo en fines de semana o per\u00edodos vacacionales\u201d.<\/p>\n<p>La intervenci\u00f3n dirigida por el Consorcio Provincial de Bomberos de Valencia cont\u00f3 en una primera fase con la colaboraci\u00f3n de la empresa p\u00fablica Tragsa, que aport\u00f3 tractores forestales para mejorar la efectividad de los trabajos; para continuar ahora las brigadas BRIFO con su herramienta habitual.<\/p>\n<p>Asimismo, para la planificaci\u00f3n y el seguimiento de la intervenci\u00f3n, el equipo de coordinaci\u00f3n y el gabinete t\u00e9cnico del Consorcio est\u00e1n en permanente contacto con el propio ayuntamiento de Utiel y otras entidades como la Conselleria de Medio Ambiente, Agua, Infraestructuras y Territorio; el \u00e1rea de Carreteras de la Diputaci\u00f3, agentes medioambientales que est\u00e1n en contacto con maderistas y hasta con la empresa concesionaria de la red el\u00e9ctrica.<\/p>\n<p><b>Estrategia de prevenci\u00f3n en el Consorcio<\/b><\/p>\n<p>La interfaz urbano forestal de las urbanizaciones Casas de Medina y el Hontanar en Utiel se enmarca en la estrategia general de prevenci\u00f3n de incendios forestales impulsada desde el Consorcio Provincial de Bomberos de Valencia.<\/p>\n<p>Concretamente, son los efectivos de las brigadas de Requena, Villargordo del Cabriel y Sinarcas, junto con los coordinadores de la zona, quienes trabajan a diario para la apertura y mantenimiento de unas fajas perimetrales de entre 30 y 50 metros de anchura, seg\u00fan la zona, mediante el desbroce, poda, tala selectiva, acordonado de restos, trituraci\u00f3n mediante maquinaria especializada y transporte de la madera apeada hasta zonas de acopio.<\/p>\n<p>Este tipo de actuaciones es de especial relevancia ya que disminuye el riesgo en dos sentidos: un eventual fuego que comprometa la seguridad de las personas que habitan en la zona, y un posible accidente en una vivienda que desencadene un incendio forestal de grandes dimensiones.<\/p>\n","protected":false},"excerpt":{"rendered":"<p>Las brigadas forestales BRIFO del Consorcio Provincial de Bomberos de Valencia avanzan en los trabajos de prevenci\u00f3n de incendios en la interfaz urbano forestal que rodea las urbanizaciones de Casas de Medina y el Hontanar, en el t\u00e9rmino municipal de Utiel. Para ello, se trabaja en la apertura y mantenimiento de fajas perimetrales de al [&hellip;]<\/p>\n","protected":false},"author":25,"featured_media":0,"comment_status":"closed","ping_status":"closed","sticky":false,"template":"","format":"standard","meta":{"footnotes":""},"categories":[308],"tags":[3885,4106,4003,4107],"class_list":["post-72698","post","type-post","status-publish","format-standard","hentry","category-news-es","tag-brifo-consorcio-valencia","tag-prevencion-incendios","tag-silvicultura-preventiva","tag-utiel-es"],"_links":{"self":[{"href":"https:\/\/www.bombersdv.es\/es\/wp-json\/wp\/v2\/posts\/72698"}],"collection":[{"href":"https:\/\/www.bombersdv.es\/es\/wp-json\/wp\/v2\/posts"}],"about":[{"href":"https:\/\/www.bombersdv.es\/es\/wp-json\/wp\/v2\/types\/post"}],"author":[{"embeddable":true,"href":"https:\/\/www.bombersdv.es\/es\/wp-json\/wp\/v2\/users\/25"}],"replies":[{"embeddable":true,"href":"https:\/\/www.bombersdv.es\/es\/wp-json\/wp\/v2\/comments?post=72698"}],"version-history":[{"count":1,"href":"https:\/\/www.bombersdv.es\/es\/wp-json\/wp\/v2\/posts\/72698\/revisions"}],"predecessor-version":[{"id":72699,"href":"https:\/\/www.bombersdv.es\/es\/wp-json\/wp\/v2\/posts\/72698\/revisions\/72699"}],"wp:attachment":[{"href":"https:\/\/www.bombersdv.es\/es\/wp-json\/wp\/v2\/media?parent=72698"}],"wp:term":[{"taxonomy":"category","embeddable":true,"href":"https:\/\/www.bombersdv.es\/es\/wp-json\/wp\/v2\/categories?post=72698"},{"taxonomy":"post_tag","embeddable":true,"href":"https:\/\/www.bombersdv.es\/es\/wp-json\/wp\/v2\/tags?post=72698"}],"curies":[{"name":"wp","href":"https:\/\/api.w.org\/{rel}","templated":true}]}}