{"id":73649,"date":"2025-07-15T14:56:37","date_gmt":"2025-07-15T12:56:37","guid":{"rendered":"https:\/\/www.bombersdv.es\/?p=73649"},"modified":"2025-07-15T14:56:37","modified_gmt":"2025-07-15T12:56:37","slug":"el-consorcio-provincial-de-bomberos-de-valencia-aprueba-el-proyecto-de-reforma-integral-del-parque-de-bomberos-de-torrent","status":"publish","type":"post","link":"https:\/\/www.bombersdv.es\/es\/el-consorcio-provincial-de-bomberos-de-valencia-aprueba-el-proyecto-de-reforma-integral-del-parque-de-bomberos-de-torrent\/","title":{"rendered":"El Consorcio Provincial de Bomberos de Valencia aprueba el proyecto de reforma integral del Parque de Bomberos de Torrent"},"content":{"rendered":"<p>El Consorcio Provincial de Bomberos de Valencia (CPBV) ha aprobado el proyecto de reforma integral del Parque de Bomberos de Torrent, una actuaci\u00f3n que, en palabras de Avelino Mascarell, presidente de la entidad dependiente de la Diputaci\u00f3 de Val\u00e8ncia, &#8220;permitir\u00e1 modernizar unas instalaciones que cuentan con casi 30 a\u00f1os de antig\u00fcedad y reforzar as\u00ed la respuesta ante emergencias en toda la zona&#8221;.<\/p>\n<p>En este sentido, Mascarell recuerda que &#8220;el de Torrent es uno de los seis parques principales del Consorcio, y da servicio a los municipios de l&#8217;Horta Sud, de ah\u00ed la importancia estrat\u00e9gica de esta infraestructura&#8221;.<span class=\"Apple-converted-space\">\u00a0<\/span><\/p>\n<p>El presidente del CPBV, tambi\u00e9n diputado provincial de Medio Ambiente, ha indicado que &#8220;esta intervenci\u00f3n cuenta con un presupuesto de m\u00e1s de 2,3 millones de euros&#8221; y ha afirmado que <i>\u201c<\/i>invertir en la mejora y modernizaci\u00f3n de nuestros parques es, ante todo, invertir en el bienestar de los bomberos y la seguridad ciudadana, que son el principal activo y objetivo del Consorcio Provincial&#8221;.<span class=\"Apple-converted-space\">\u00a0<\/span><\/p>\n<p><b>Caracter\u00edsticas de la actuaci\u00f3n<\/b><\/p>\n<p>El proyecto aprobado por el Consorcio supone una completa renovaci\u00f3n del edificio actual del parque ubicado en la partida de la S\u00e9quia de Picanya de Torrent, con una superficie de construcci\u00f3n de 1.500 m2 en una parcela de m\u00e1s de 6.200 metros cuadrados. Las obras tienen un plazo estimado de ejecuci\u00f3n de 16 meses y est\u00e1 previsto que comiencen entre finales de 2025 y principios de 2026.<\/p>\n<p>La actuaci\u00f3n incluye una reforma integral del bloque administrativo y del hangar, mejoras estructurales, sustituci\u00f3n de cubiertas y carpinter\u00edas, instalaci\u00f3n de sistemas de climatizaci\u00f3n, ventilaci\u00f3n, energ\u00eda solar fotovoltaica para autoconsumo y saneamiento, as\u00ed como la construcci\u00f3n de una nueva marquesina de aparcamiento y un dep\u00f3sito de agua para uso interno.<\/p>\n<p>Entre los nuevos espacios se contempla un completo gimnasio, sala de control, vestuarios diferenciados, cocina, comedor, sala de reuniones, lavander\u00eda, zona de dormitorios<span class=\"Apple-converted-space\">\u00a0 <\/span>y despachos, todo adaptado a las necesidades actuales del personal operativo.<\/p>\n<p><b>Parque principal<\/b><\/p>\n<p>El Parque de Torrent es uno de los seis parques principales de las respectivas zonas operativas en las que se articula la estructura del Consorcio Provincial de Bomberos de Valencia, junto a los de Alzira, Gandia, Paterna, Requena, y Sagunto.<\/p>\n<p>De estos parques principales dependen once auxiliares: Burjassot, Catarroja,\u00a0 Chiva, Cullera, L\u2019Eliana, Moncada, Oliva, Ontinyent, la Pobla de Farnals, Silla y X\u00e0tiva.<\/p>\n<p>Asimismo, en el Consorcio tambi\u00e9n se integran siete parques voluntarios (Ayora, Chelva, Cofrentes, Navarr\u00e9s, Sinarcas, Titaguas y Vallada) y 41 brigadas forestales especializadas en labores de prevenci\u00f3n mediante tareas silv\u00edcolas, as\u00ed como en apoyo en la extinci\u00f3n, funci\u00f3n en la que se ejecutan el remate del per\u00edmetro y la vigilancia post incendio. Estas brigadas cuentan con 32 bases operativas a lo largo de toda la provincia.<\/p>\n<p>Por otro lado, la entidad dependiente de la Diputaci\u00f3 de Val\u00e8ncia, cuenta con grupos de intervenci\u00f3n especiales como la Unidad de Rescate en Emergencias y Cat\u00e1strofes (UREC), y el Grupo Especial de Rescate en Altura (GERA); y trabaja en la configuraci\u00f3n de nuevos equipos especializados como la futura unidad canina y la de drones.<\/p>\n","protected":false},"excerpt":{"rendered":"<p>El Consorcio Provincial de Bomberos de Valencia (CPBV) ha aprobado el proyecto de reforma integral del Parque de Bomberos de Torrent, una actuaci\u00f3n que, en palabras de Avelino Mascarell, presidente de la entidad dependiente de la Diputaci\u00f3 de Val\u00e8ncia, &#8220;permitir\u00e1 modernizar unas instalaciones que cuentan con casi 30 a\u00f1os de antig\u00fcedad y reforzar as\u00ed la [&hellip;]<\/p>\n","protected":false},"author":25,"featured_media":0,"comment_status":"closed","ping_status":"closed","sticky":false,"template":"","format":"standard","meta":{"footnotes":""},"categories":[308],"tags":[3834,3244,4141],"class_list":["post-73649","post","type-post","status-publish","format-standard","hentry","category-news-es","tag-avelino-mascarell-es","tag-consorcio-bomberos-valencia","tag-parque-bomberos-torrent"],"_links":{"self":[{"href":"https:\/\/www.bombersdv.es\/es\/wp-json\/wp\/v2\/posts\/73649"}],"collection":[{"href":"https:\/\/www.bombersdv.es\/es\/wp-json\/wp\/v2\/posts"}],"about":[{"href":"https:\/\/www.bombersdv.es\/es\/wp-json\/wp\/v2\/types\/post"}],"author":[{"embeddable":true,"href":"https:\/\/www.bombersdv.es\/es\/wp-json\/wp\/v2\/users\/25"}],"replies":[{"embeddable":true,"href":"https:\/\/www.bombersdv.es\/es\/wp-json\/wp\/v2\/comments?post=73649"}],"version-history":[{"count":1,"href":"https:\/\/www.bombersdv.es\/es\/wp-json\/wp\/v2\/posts\/73649\/revisions"}],"predecessor-version":[{"id":73650,"href":"https:\/\/www.bombersdv.es\/es\/wp-json\/wp\/v2\/posts\/73649\/revisions\/73650"}],"wp:attachment":[{"href":"https:\/\/www.bombersdv.es\/es\/wp-json\/wp\/v2\/media?parent=73649"}],"wp:term":[{"taxonomy":"category","embeddable":true,"href":"https:\/\/www.bombersdv.es\/es\/wp-json\/wp\/v2\/categories?post=73649"},{"taxonomy":"post_tag","embeddable":true,"href":"https:\/\/www.bombersdv.es\/es\/wp-json\/wp\/v2\/tags?post=73649"}],"curies":[{"name":"wp","href":"https:\/\/api.w.org\/{rel}","templated":true}]}}