{"id":74147,"date":"2025-09-09T19:41:33","date_gmt":"2025-09-09T17:41:33","guid":{"rendered":"https:\/\/www.bombersdv.es\/?p=74147"},"modified":"2025-09-09T19:41:33","modified_gmt":"2025-09-09T17:41:33","slug":"protocolo-de-colaboracion-para-mejorar-la-atencion-en-emergencias-en-zonas-limitrofes","status":"publish","type":"post","link":"https:\/\/www.bombersdv.es\/es\/protocolo-de-colaboracion-para-mejorar-la-atencion-en-emergencias-en-zonas-limitrofes\/","title":{"rendered":"Protocolo de colaboraci\u00f3n para mejorar la atenci\u00f3n en emergencias en zonas lim\u00edtrofes"},"content":{"rendered":"<p>Los Consorcios de Bomberos de Valencia y Castell\u00f3n firman un protocolo de colaboraci\u00f3n para mejorar la atenci\u00f3n en emergencias en zonas lim\u00edtrofes. El diputado de Medio Ambiente, Prevenci\u00f3n de Riesgos Forestales y Desarrollo Rural de la Diputaci\u00f3 de Val\u00e8ncia y presidente del Consorcio Provincial de Bomberos de Valencia, Avelino Mascarell, y el diputado del Consorcio Provincial de Bomberos de la Diputaci\u00f3n de Castell\u00f3n, David Vicente, han suscrito esta ma\u00f1ana el protocolo de colaboraci\u00f3n con el fin de atender de forma conjunta y coordinada las emergencias que se produzcan en los municipios de las zonas lim\u00edtrofes entre ambas provincias.<span class=\"Apple-converted-space\">\u00a0<\/span><\/p>\n<p>El acto, celebrado en los Servicios Centrales del Consorcio Provincial de Bomberos de Castell\u00f3n, ha contado con la presencia del conseller de Emergencias e Interior, Juan Carlos Valderrama; la secretaria auton\u00f3mica de Emergencias e Interior, Irene Rodr\u00edguez; y el director general de Coordinaci\u00f3n de los SPEIS, Alberto Mart\u00edn.<span class=\"Apple-converted-space\">\u00a0<\/span><\/p>\n<p>El responsable de Medio Ambiente y Prevenci\u00f3n de Riesgos Forestales, Avelino Mascarell, ha apuntado que el objetivo es &#8220;trabajar de forma coordinada y conjunta y poner en valor todos nuestros recursos y capital humano para prestar el mejor servicio a la ciudadan\u00eda&#8221;.<span class=\"Apple-converted-space\">\u00a0<\/span><\/p>\n<p>Mascarell ha explicado que &#8220;el convenio equivalente suscrito con el Consorcio de Alicante ya se tradujo ayer en la participaci\u00f3n conjunta en el incendio de Oliva, demostrando as\u00ed que lo importante de estos acuerdos no es suscribirlos, sino aplicarlos&#8221;.<\/p>\n<p>En esta misma l\u00ednea se ha pronunciado el diputado del Consorcio Provincial de Bomberos de la Diputaci\u00f3n de Castell\u00f3n, David Vicente, quien ha se\u00f1alado que \u201cnuestro deber es garantizar que, ante cualquier emergencia, la respuesta sea r\u00e1pida, coordinada y eficaz. Y, con este acuerdo, reforzamos nuestra capacidad de respuesta para proteger a quienes viven en las zonas lim\u00edtrofes, sin importar d\u00f3nde residen, porque para ambas instituciones, la seguridad de los ciudadanos es una prioridad\u201d.<\/p>\n<p>Por su parte, el conseller Juan Carlos Valderrama ha destacado que este protocolo &#8220;marca un paso significativo hacia una gesti\u00f3n m\u00e1s integrada y solidaria de los recursos p\u00fablicos, reafirmando el compromiso de las administraciones con la seguridad, la prevenci\u00f3n y la protecci\u00f3n del entorno natural y urbano\u201d.<\/p>\n<p><b>Optimizaci\u00f3n de las actuaciones<span class=\"Apple-converted-space\">\u00a0<\/span><\/b><\/p>\n<p>El objetivo principal de este protocolo es la optimizaci\u00f3n de las actuaciones operativas de los Servicios de Prevenci\u00f3n y Extinci\u00f3n de Incendios y Salvamento (SPEIS) en \u00e1reas lim\u00edtrofes al per\u00edmetro de sus respectivos territorios de actuaci\u00f3n. Un documento que determina las \u00e1reas lim\u00edtrofes de intervenci\u00f3n de cada SPEIS, as\u00ed como tipos de servicios de actuaci\u00f3n conjunta y fija tambi\u00e9n protocolo de notificaci\u00f3n de los incidentes que requieren la movilizaci\u00f3n de efectivos. Igualmente, establece los protocolos de coordinaci\u00f3n en actuaciones conjuntas.<\/p>\n<p>La colaboraci\u00f3n entre ambos SPEIS estar\u00e1 coordinada por el 112 de la Generalitat Valenciana y se activar\u00e1 autom\u00e1ticamente cuando se detecte una emergencia en cualquiera de las \u00e1reas establecidas. Las unidades movilizadas compartir\u00e1n informaci\u00f3n en tiempo real y bajo protocolos de mando unificados.<\/p>\n<p>Asimismo, el acuerdo incorpora tambi\u00e9n el desarrollo de acciones de formaci\u00f3n conjunta y protocolos coordinados, as\u00ed como reuniones de evaluaci\u00f3n tras las intervenciones m\u00e1s importantes y la posibilidad de actuar fuera de las zonas lim\u00edtrofes si la situaci\u00f3n lo requiere.<\/p>\n","protected":false},"excerpt":{"rendered":"<p>Los Consorcios de Bomberos de Valencia y Castell\u00f3n firman un protocolo de colaboraci\u00f3n para mejorar la atenci\u00f3n en emergencias en zonas lim\u00edtrofes. El diputado de Medio Ambiente, Prevenci\u00f3n de Riesgos Forestales y Desarrollo Rural de la Diputaci\u00f3 de Val\u00e8ncia y presidente del Consorcio Provincial de Bomberos de Valencia, Avelino Mascarell, y el diputado del Consorcio [&hellip;]<\/p>\n","protected":false},"author":25,"featured_media":0,"comment_status":"closed","ping_status":"closed","sticky":false,"template":"","format":"standard","meta":{"footnotes":""},"categories":[308],"tags":[],"class_list":["post-74147","post","type-post","status-publish","format-standard","hentry","category-news-es"],"_links":{"self":[{"href":"https:\/\/www.bombersdv.es\/es\/wp-json\/wp\/v2\/posts\/74147"}],"collection":[{"href":"https:\/\/www.bombersdv.es\/es\/wp-json\/wp\/v2\/posts"}],"about":[{"href":"https:\/\/www.bombersdv.es\/es\/wp-json\/wp\/v2\/types\/post"}],"author":[{"embeddable":true,"href":"https:\/\/www.bombersdv.es\/es\/wp-json\/wp\/v2\/users\/25"}],"replies":[{"embeddable":true,"href":"https:\/\/www.bombersdv.es\/es\/wp-json\/wp\/v2\/comments?post=74147"}],"version-history":[{"count":1,"href":"https:\/\/www.bombersdv.es\/es\/wp-json\/wp\/v2\/posts\/74147\/revisions"}],"predecessor-version":[{"id":74148,"href":"https:\/\/www.bombersdv.es\/es\/wp-json\/wp\/v2\/posts\/74147\/revisions\/74148"}],"wp:attachment":[{"href":"https:\/\/www.bombersdv.es\/es\/wp-json\/wp\/v2\/media?parent=74147"}],"wp:term":[{"taxonomy":"category","embeddable":true,"href":"https:\/\/www.bombersdv.es\/es\/wp-json\/wp\/v2\/categories?post=74147"},{"taxonomy":"post_tag","embeddable":true,"href":"https:\/\/www.bombersdv.es\/es\/wp-json\/wp\/v2\/tags?post=74147"}],"curies":[{"name":"wp","href":"https:\/\/api.w.org\/{rel}","templated":true}]}}