{"id":74410,"date":"2025-10-23T11:31:19","date_gmt":"2025-10-23T09:31:19","guid":{"rendered":"https:\/\/www.bombersdv.es\/?p=74410"},"modified":"2025-10-23T11:31:19","modified_gmt":"2025-10-23T09:31:19","slug":"el-consorcio-provincial-de-bomberos-de-valencia-refuerza-la-proteccion-de-las-urbanizaciones-con-alto-riesgo-de-incendio","status":"publish","type":"post","link":"https:\/\/www.bombersdv.es\/es\/el-consorcio-provincial-de-bomberos-de-valencia-refuerza-la-proteccion-de-las-urbanizaciones-con-alto-riesgo-de-incendio\/","title":{"rendered":"El Consorcio Provincial de Bomberos de Valencia refuerza la protecci\u00f3n de las urbanizaciones con alto riesgo de incendio"},"content":{"rendered":"<p>El presidente del Consorcio Provincial de Bomberos (CPBV), Avelino Mascarell, ha visitado esta ma\u00f1ana junto al alcalde de Moixent, Guillermo Jorques, la urbanizaci\u00f3n Cumbres de Valencia, para comprobar el estado de la interfaz forestal ejecutada por las brigadas forestales que fue esencial para las tareas de extinci\u00f3n del incendio declarado en la zona el pasado mes de agosto.<\/p>\n<p>Mascarell ha explicado que &#8220;las zonas residenciales rodeadas de masa forestal son la m\u00e1xima prioridad en la estrategia de prevenci\u00f3n que llevan a cabo las brigadas del Consorcio para reducir el riesgo de propagaci\u00f3n de incendios&#8221;, y ha subrayado que &#8220;el objetivo es anticiparse al fuego, garantizando, en primer lugar, la seguridad de las personas, a trav\u00e9s tambi\u00e9n de la protecci\u00f3n de las infraestructuras, y del patrimonio urbano y natural\u201d.<\/p>\n<p>Por su parte, el alcalde de Moixent ha explicado que &#8220;en Cumbres de Valencia hay unas trescientas viviendas, en las que habitan personas durante todo el a\u00f1o, pero que presenta un mayor nivel de poblaci\u00f3n en verano&#8221; y ha trasladado a Mascarell &#8220;el agradecimiento del pueblo de Moixent por la profesionalidad con la que se actu\u00f3 desde el Consorcio, no solo en respuesta al fuego que se inici\u00f3 a pocos metros de las viviendas, sino sobre todo por todo el trabajo previo en la zona que permiti\u00f3 controlar el incendio en muy poco tiempo&#8221;. En este sentido, Jorques ha incidido en &#8220;la importancia del mantenimiento para que las infraestructuras de prevenci\u00f3n mantengan su efectividad&#8221; y ha solicitado que &#8220;en la medida de lo posible se valore la posibilidad de hacer repasos cuando la vegetaci\u00f3n vuelva a crecer&#8221;.<\/p>\n<p>A este respecto, el diputado ha recordado que, adem\u00e1s de las actuaciones que puedan llevar a cabo las brigadas del Consorcio, desde el \u00e1rea de Medio Ambiente de la Diputaci\u00f3 de Val\u00e8ncia, cada a\u00f1o, se abren a los pueblos l\u00edneas de subvenciones para trabajos e inversiones de gesti\u00f3n forestal y espacios naturales, adem\u00e1s del Pla Obert d\u2019Inversions de la Diputaci\u00f3n,\u00a0 a trav\u00e9s del cual se pueden dise\u00f1ar y ejecutar proyectos de planificaci\u00f3n, ordenaci\u00f3n y gesti\u00f3n forestal municipal.<\/p>\n<p><b>Dos a\u00f1os de trabajos\u00a0<\/b><\/p>\n<p>En total, las brigadas forestales de la entidad dependiente de la Diputaci\u00f3 de Val\u00e8ncia permanecieron 22 meses en el entorno de Cumbres de Valencia realizando tareas de silvicultura preventiva con el objetivo de reforzar la seguridad y mejorar las condiciones de accesibilidad ante posibles emergencias.<\/p>\n<p>El proyecto inclu\u00eda trabajos de repaso y adecuaci\u00f3n de la faja perimetral, especialmente en los sectores m\u00e1s complejos del per\u00edmetro, donde confluyen los barrancos de Falaguera y Urreps, caracterizados por fuertes pendientes que alcanzan entre el 30 y el 70 por ciento.<\/p>\n<p>Durante las distintas fases de actuaci\u00f3n, que se extendieron desde febrero de 2022 hasta diciembre de 2023, se ejecutaron aperturas de caminos forestales y tratamientos de vegetaci\u00f3n conforme a las directrices t\u00e9cnicas del Plan de Demarcaci\u00f3n y los modelos de combustible establecidos para este tipo de zonas.<\/p>\n<p>&#8220;Las intervenciones en las \u00e1reas de interfaz son esenciales tanto para las labores puras de extinci\u00f3n que llevan a cabo los efectivos del Consorcio, como tambi\u00e9n para favorecer el acceso de los veh\u00edculos de emergencia cuando se declara un incendio&#8221;, concluye Avelino Mascarell, que recuerda que &#8220;las brigadas forestales trabajan durante todo el a\u00f1o para minimizar el impacto del fuego, creando l\u00edneas de defensa y discontinuidades en la masa forestal que son claves para la estrategia de intervenci\u00f3n de los bomberos, cuando cada minuto es esencial para proteger tanto a las personas como al entorno natural&#8221;.<\/p>\n","protected":false},"excerpt":{"rendered":"<p>El presidente del Consorcio Provincial de Bomberos (CPBV), Avelino Mascarell, ha visitado esta ma\u00f1ana junto al alcalde de Moixent, Guillermo Jorques, la urbanizaci\u00f3n Cumbres de Valencia, para comprobar el estado de la interfaz forestal ejecutada por las brigadas forestales que fue esencial para las tareas de extinci\u00f3n del incendio declarado en la zona el pasado [&hellip;]<\/p>\n","protected":false},"author":25,"featured_media":0,"comment_status":"closed","ping_status":"closed","sticky":false,"template":"","format":"standard","meta":{"footnotes":""},"categories":[308],"tags":[3834,3957,4172],"class_list":["post-74410","post","type-post","status-publish","format-standard","hentry","category-news-es","tag-avelino-mascarell-es","tag-brifo-consorcio-bomberos-valencia","tag-cumbres-de-valencia-es"],"_links":{"self":[{"href":"https:\/\/www.bombersdv.es\/es\/wp-json\/wp\/v2\/posts\/74410"}],"collection":[{"href":"https:\/\/www.bombersdv.es\/es\/wp-json\/wp\/v2\/posts"}],"about":[{"href":"https:\/\/www.bombersdv.es\/es\/wp-json\/wp\/v2\/types\/post"}],"author":[{"embeddable":true,"href":"https:\/\/www.bombersdv.es\/es\/wp-json\/wp\/v2\/users\/25"}],"replies":[{"embeddable":true,"href":"https:\/\/www.bombersdv.es\/es\/wp-json\/wp\/v2\/comments?post=74410"}],"version-history":[{"count":1,"href":"https:\/\/www.bombersdv.es\/es\/wp-json\/wp\/v2\/posts\/74410\/revisions"}],"predecessor-version":[{"id":74411,"href":"https:\/\/www.bombersdv.es\/es\/wp-json\/wp\/v2\/posts\/74410\/revisions\/74411"}],"wp:attachment":[{"href":"https:\/\/www.bombersdv.es\/es\/wp-json\/wp\/v2\/media?parent=74410"}],"wp:term":[{"taxonomy":"category","embeddable":true,"href":"https:\/\/www.bombersdv.es\/es\/wp-json\/wp\/v2\/categories?post=74410"},{"taxonomy":"post_tag","embeddable":true,"href":"https:\/\/www.bombersdv.es\/es\/wp-json\/wp\/v2\/tags?post=74410"}],"curies":[{"name":"wp","href":"https:\/\/api.w.org\/{rel}","templated":true}]}}