{"id":75111,"date":"2026-01-23T13:22:40","date_gmt":"2026-01-23T12:22:40","guid":{"rendered":"https:\/\/www.bombersdv.es\/?p=75111"},"modified":"2026-01-30T14:51:55","modified_gmt":"2026-01-30T13:51:55","slug":"la-feria-de-emergencias-del-consorcio-de-bomberos-de-valencia-llega-a-xativa","status":"publish","type":"post","link":"https:\/\/www.bombersdv.es\/es\/la-feria-de-emergencias-del-consorcio-de-bomberos-de-valencia-llega-a-xativa\/","title":{"rendered":"La Feria de Emergencias del Consorcio de Bomberos de Valencia llega a X\u00e0tiva"},"content":{"rendered":"<p>El d\u00eda 21 de febrero se celebra en X\u00e0tiva la Feria de Emergencias organizada por el Consorcio de Bomberos de Valencia y la Diputaci\u00f3n de Valencia, con el objetivo acercar a p\u00fablico de todas las edades los recursos humanos y materiales del Consorcio al tiempo que se contribuye a una cultura de la prevenci\u00f3n a trav\u00e9s de actividades formativas y divulgativas. El evento se iba a celebrar inicialmente el d\u00eda 31 de enero pero tuvo que aplazarse por los fuertes vientos previstos.<\/p>\n<p>Un evento para un p\u00fablico muy familiar, que tiene como escenario el recinto frente al Centro Comercial Plaza Mayor de X\u00e0tiva. En horario de 10 a 14 h, se desarrollar\u00e1n distintos talleres y actividades, que arrancar\u00e1n con la inauguraci\u00f3n de la exposici\u00f3n de veh\u00edculos y herramientas del Consorcio, donde el p\u00fablico podr\u00e1 conocer desde camiones de bomberos, a veh\u00edculos y herramientas de brigadas BRIFO o la Galer\u00eda de Entrenamiento, una experiencia en la que los asistentes pueden aprender a actuar en caso de incendio.<span class=\"Apple-converted-space\">\u00a0<\/span><\/p>\n<p>A lo largo de la ma\u00f1ana, los participantes podr\u00e1n disfrutar tambi\u00e9n de la llegada del grupo de rescate en altura, GERA, en helic\u00f3ptero, as\u00ed como de un simulacro que realizar\u00e1 esta misma unidad. Tambi\u00e9n habr\u00e1 espacio para una exhibici\u00f3n de drones del Consorcio as\u00ed como de maniobras de rescate en accidentes.<span class=\"Apple-converted-space\">\u00a0<\/span><\/p>\n<p>Un evento muy participativo, en el que familias, colegios, asociaciones y p\u00fablico de todas las edades, puedan aproximarse de una forma l\u00fadica a este cuerpo de bomberos, y formarse en la prevenci\u00f3n de riesgos y emergencias de una forma sencilla y adaptada a todas las edades.<span class=\"Apple-converted-space\">\u00a0<\/span><\/p>\n<p><a href=\"https:\/\/www.bombersdv.es\/wp-content\/uploads\/2026\/01\/pdf-horarios.pdf\">Horarios Feria Emergencias<\/a><\/p>\n<p>&nbsp;<\/p>\n","protected":false},"excerpt":{"rendered":"<p>El d\u00eda 21 de febrero se celebra en X\u00e0tiva la Feria de Emergencias organizada por el Consorcio de Bomberos de Valencia y la Diputaci\u00f3n de Valencia, con el objetivo acercar a p\u00fablico de todas las edades los recursos humanos y materiales del Consorcio al tiempo que se contribuye a una cultura de la prevenci\u00f3n a [&hellip;]<\/p>\n","protected":false},"author":25,"featured_media":0,"comment_status":"closed","ping_status":"closed","sticky":false,"template":"","format":"standard","meta":{"footnotes":""},"categories":[308],"tags":[],"class_list":["post-75111","post","type-post","status-publish","format-standard","hentry","category-news-es"],"_links":{"self":[{"href":"https:\/\/www.bombersdv.es\/es\/wp-json\/wp\/v2\/posts\/75111"}],"collection":[{"href":"https:\/\/www.bombersdv.es\/es\/wp-json\/wp\/v2\/posts"}],"about":[{"href":"https:\/\/www.bombersdv.es\/es\/wp-json\/wp\/v2\/types\/post"}],"author":[{"embeddable":true,"href":"https:\/\/www.bombersdv.es\/es\/wp-json\/wp\/v2\/users\/25"}],"replies":[{"embeddable":true,"href":"https:\/\/www.bombersdv.es\/es\/wp-json\/wp\/v2\/comments?post=75111"}],"version-history":[{"count":7,"href":"https:\/\/www.bombersdv.es\/es\/wp-json\/wp\/v2\/posts\/75111\/revisions"}],"predecessor-version":[{"id":75460,"href":"https:\/\/www.bombersdv.es\/es\/wp-json\/wp\/v2\/posts\/75111\/revisions\/75460"}],"wp:attachment":[{"href":"https:\/\/www.bombersdv.es\/es\/wp-json\/wp\/v2\/media?parent=75111"}],"wp:term":[{"taxonomy":"category","embeddable":true,"href":"https:\/\/www.bombersdv.es\/es\/wp-json\/wp\/v2\/categories?post=75111"},{"taxonomy":"post_tag","embeddable":true,"href":"https:\/\/www.bombersdv.es\/es\/wp-json\/wp\/v2\/tags?post=75111"}],"curies":[{"name":"wp","href":"https:\/\/api.w.org\/{rel}","templated":true}]}}