{"id":75255,"date":"2026-01-26T15:36:24","date_gmt":"2026-01-26T14:36:24","guid":{"rendered":"https:\/\/www.bombersdv.es\/?p=75255"},"modified":"2026-01-26T15:36:24","modified_gmt":"2026-01-26T14:36:24","slug":"el-consorcio-presenta-los-detalles-de-la-feria-de-emergencias","status":"publish","type":"post","link":"https:\/\/www.bombersdv.es\/es\/el-consorcio-presenta-los-detalles-de-la-feria-de-emergencias\/","title":{"rendered":"El Consorcio presenta los detalles de la Feria de Emergencias"},"content":{"rendered":"<div class=\"clearfix text-formatted field field-node--body field-formatter-text-default field-name-body field-type-text-with-summary field-label-hidden has-single\">\n<div class=\"field__items\">\n<div class=\"field__item\">\n<p>El presidente del Consorcio Provincial de Bomberos de Val\u00e8ncia, Avelino Mascarell, ha presentado esta ma\u00f1ana junto al alcalde de X\u00e0tiva, Roger Cerd\u00e0, la Feria de Emergencias que se celebrar\u00e1 el pr\u00f3ximo fin de semana en la capital de la Costera. &#8220;Se trata -ha afirmado Mascarell- de una iniciativa divulgativa y participativa que permitir\u00e1 acercar a la ciudadan\u00eda los recursos t\u00e9cnicos y humanos del Consorcio al servicio de la prevenci\u00f3n y de la gesti\u00f3n de emergencias en la provincia&#8221;.<\/p>\n<p>La feria, organizada por la entidad dependiente de la Diputaci\u00f3 de Val\u00e8ncia en coordinaci\u00f3n con el Ayuntamiento de X\u00e0tiva, tendr\u00e1 lugar frente al Centro Comercial Plaza Espa\u00f1a, en las inmediaciones del parque de bomberos, en horario de 10 a 14 horas, y est\u00e1 dirigida a ciudadanos de todas las edades, con especial atenci\u00f3n al p\u00fablico familiar. Asimismo, el presidente Vicent Momp\u00f3 ha confirmado su presencia en el evento a lo largo de la ma\u00f1ana del s\u00e1bado 31 de enero.<\/p>\n<p>Avelino Mascarell ha incidido en que \u201cel objetivo es que los participantes de todas las edades conozcan las particularidades del Consorcio: no solo cuando suena una sirena, sino sinti\u00e9ndose protegidos y acompa\u00f1ados desde la proximidad, la pedagog\u00eda y la confianza.\u201d En cuanto al reclamo infantil, el diputado ha a\u00f1adido:\u201dNo hay mejor forma de presentar a un equipo de emergencias y formar en prevenci\u00f3n a las nuevas generaciones que con eventos din\u00e1micos, visuales, interactivos. Ver a sus h\u00e9roes manejando maquinaria, tecnolog\u00eda\u2026es toda una experiencia para ellos\u201d.<\/p>\n<p>Durante las dos jornadas, se expondr\u00e1n veh\u00edculos y herramientas, incluyendo camiones de bomberos, equipamiento especializado y medios de las brigadas forestales especializadas en prevenci\u00f3n de incendios. Asimismo, tambi\u00e9n se desarrollar\u00e1n talleres y actividades instructivas adaptadas a diferentes edades.<\/p>\n<p>El programa de la feria incluye, adem\u00e1s, la llegada en helic\u00f3ptero del Grupo de Rescate en Altura (GERA), que realizar\u00e1 un simulacro, as\u00ed como una exhibici\u00f3n de drones del Consorcio y distintas maniobras de rescate de los grupos especiales.<\/p>\n<p><strong>Una 10 k solidaria<\/strong><\/p>\n<p>Tambi\u00e9n esta ma\u00f1ana se ha presentado la carrera 10K promovida por la Asociaci\u00f3n de Bomberos de X\u00e0tiva y que tendr\u00e1 lugar el 1 de febrero en esta localidad, de cuyos detalles han dado parte los representantes de propia asociaci\u00f3n.<\/p>\n<p>Se trata de un evento deportivo y social al tener una vertiente solidaria destinada a la Fundaci\u00f3n Peque\u00f1o Deseo, dedicada a la realizaci\u00f3n de acciones que promuevan el bienestar emocional y la ilusi\u00f3n de los ni\u00f1os enfermos.<\/p>\n<p>El Consorcio de Bomberos de Valencia y la Diputaci\u00f3 de Val\u00e8ncia dan apoyo a esta iniciativa, brindando una serie de recursos humanos y materiales que posibilitan su desarrollo, junto al resto de instituciones y empresas implicadas.<\/p>\n<p>Hasta el momento, hay inscritos unos 1.000 corredores y corredoras, de los que cerca de 130 son bomberos y bomberas tanto de Valencia como de otros puntos, que simb\u00f3licamente realizar\u00e1n la carrera equipados con los trajes de intervenci\u00f3n.<\/p>\n<p>El alcalde de X\u00e0tiva, Roger Cerd\u00e0, ha querido &#8220;agradecer al Consorcio por haber pensado en X\u00e0tiva tanto para la Feria de Emergencias como para la celebraci\u00f3n de la carrera&#8221;, de la que ha afirmado que &#8220;su verdadero valor reside en la vertiente solidaria a favor de la fundaci\u00f3n Peque\u00f1o Deseo&#8221;. &#8220;Estamos muy satisfechos de acoger estos eventos de los que puede disfrutar toda la ciudadan\u00eda\u201d, ha concluido.\n<\/p><\/div>\n<\/div>\n<\/div>\n<div class=\"field field-node--field-adjuntos field-formatter-entity-reference-revisions-entity-view field-name-field-adjuntos field-type-entity-reference-revisions field-label-hidden has-single\">\n<div class=\"field__items\">\n<div class=\"field__item\">\n<div class=\"paragraph paragraph--type-es7-media paragraph--view-mode-default\">\n<div class=\"field field-paragraph--portales7-images field-formatter-colorbox field-name-portales7-images field-type-image field-label-hidden has-single\"><\/div>\n<\/div>\n<\/div>\n<\/div>\n<\/div>\n","protected":false},"excerpt":{"rendered":"<p>El presidente del Consorcio Provincial de Bomberos de Val\u00e8ncia, Avelino Mascarell, ha presentado esta ma\u00f1ana junto al alcalde de X\u00e0tiva, Roger Cerd\u00e0, la Feria de Emergencias que se celebrar\u00e1 el pr\u00f3ximo fin de semana en la capital de la Costera. &#8220;Se trata -ha afirmado Mascarell- de una iniciativa divulgativa y participativa que permitir\u00e1 acercar a [&hellip;]<\/p>\n","protected":false},"author":25,"featured_media":0,"comment_status":"closed","ping_status":"closed","sticky":false,"template":"","format":"standard","meta":{"footnotes":""},"categories":[308],"tags":[],"class_list":["post-75255","post","type-post","status-publish","format-standard","hentry","category-news-es"],"_links":{"self":[{"href":"https:\/\/www.bombersdv.es\/es\/wp-json\/wp\/v2\/posts\/75255"}],"collection":[{"href":"https:\/\/www.bombersdv.es\/es\/wp-json\/wp\/v2\/posts"}],"about":[{"href":"https:\/\/www.bombersdv.es\/es\/wp-json\/wp\/v2\/types\/post"}],"author":[{"embeddable":true,"href":"https:\/\/www.bombersdv.es\/es\/wp-json\/wp\/v2\/users\/25"}],"replies":[{"embeddable":true,"href":"https:\/\/www.bombersdv.es\/es\/wp-json\/wp\/v2\/comments?post=75255"}],"version-history":[{"count":1,"href":"https:\/\/www.bombersdv.es\/es\/wp-json\/wp\/v2\/posts\/75255\/revisions"}],"predecessor-version":[{"id":75256,"href":"https:\/\/www.bombersdv.es\/es\/wp-json\/wp\/v2\/posts\/75255\/revisions\/75256"}],"wp:attachment":[{"href":"https:\/\/www.bombersdv.es\/es\/wp-json\/wp\/v2\/media?parent=75255"}],"wp:term":[{"taxonomy":"category","embeddable":true,"href":"https:\/\/www.bombersdv.es\/es\/wp-json\/wp\/v2\/categories?post=75255"},{"taxonomy":"post_tag","embeddable":true,"href":"https:\/\/www.bombersdv.es\/es\/wp-json\/wp\/v2\/tags?post=75255"}],"curies":[{"name":"wp","href":"https:\/\/api.w.org\/{rel}","templated":true}]}}