{"id":75908,"date":"2026-03-06T10:17:59","date_gmt":"2026-03-06T09:17:59","guid":{"rendered":"https:\/\/www.bombersdv.es\/?p=75908"},"modified":"2026-03-06T10:17:59","modified_gmt":"2026-03-06T09:17:59","slug":"el-consorcio-elabora-un-protocolo-para-comisiones-falleras-por-lluvias-y-viento","status":"publish","type":"post","link":"https:\/\/www.bombersdv.es\/es\/el-consorcio-elabora-un-protocolo-para-comisiones-falleras-por-lluvias-y-viento\/","title":{"rendered":"El Consorcio elabora un protocolo para comisiones falleras por lluvias y viento"},"content":{"rendered":"<p>El Consorcio Provincial de Bomberos de Val\u00e8ncia (CPBV), entidad dependiente de la Diputaci\u00f3 de Val\u00e8ncia, ha elaborado un protocolo de actuaci\u00f3n dirigido a las comisiones falleras y a los ayuntamientos de los municipios de la provincia con el objetivo de mejorar la coordinaci\u00f3n ante posibles episodios de lluvia o viento durante la celebraci\u00f3n de las Fallas.<\/p>\n<p>El documento, elaborado por el departamento de Prevenci\u00f3n Operativa del Consorcio, establece una serie de criterios t\u00e9cnicos y niveles de alerta para reforzar la seguridad de los actos falleros cuando las condiciones meteorol\u00f3gicas sean adversas y que, seg\u00fan explica el presidente del CPBV, Avelino Mascarell, &#8220;servir\u00e1n de referencia a las autoridades locales para tomar decisiones &#8220;. &#8220;De esta manera -contin\u00faa Mascarell- evitamos actuaciones improvisadas y garantizamos que las medidas que se adopten en estas situaciones cuenten con respaldo t\u00e9cnico de los servicios de emergencias&#8221;.<\/p>\n<p>El protocolo establece distintos niveles de alerta en funci\u00f3n de las previsiones meteorol\u00f3gicas, tomando como referencia los boletines oficiales y avisos meteorol\u00f3gicos. En funci\u00f3n de estos niveles se contemplan medidas que van desde la vigilancia ordinaria y la revisi\u00f3n de elementos estructurales hasta la suspensi\u00f3n de determinados actos o la adopci\u00f3n de medidas de seguridad adicionales.<\/p>\n<p>En el caso del viento, el documento recoge actuaciones espec\u00edficas relacionadas con la estabilidad de los monumentos falleros, la seguridad de las carpas y estructuras modulares o la celebraci\u00f3n de actos pirot\u00e9cnicos, con medidas que pueden incluir la revisi\u00f3n de anclajes, la retirada de mobiliario exterior o la evacuaci\u00f3n de determinadas zonas si las rachas alcanzan niveles de riesgo elevados.<\/p>\n<p>Por lo que respecta a la lluvia, el protocolo tambi\u00e9n contempla recomendaciones espec\u00edficas para la noche de la crem\u00e0, ya que la acumulaci\u00f3n de agua puede alterar la estabilidad de los monumentos falleros al aumentar el peso de los materiales y afectar a su estructura. En estos casos se prev\u00e9 ampliar los per\u00edmetros de seguridad y adoptar medidas adicionales durante la quema.<\/p>\n<p>Adem\u00e1s, el documento incluye recomendaciones t\u00e9cnicas sobre el uso de acelerantes y sobre la organizaci\u00f3n del equipo encargado de iniciar la crem\u00e0, con el objetivo de evitar situaciones de riesgo durante la quema de los monumentos.<\/p>\n<p>Mascarell ha se\u00f1alado finalmente que \u201cdesde el Consorcio trabajamos durante todo el a\u00f1o en prevenci\u00f3n y planificaci\u00f3n, y este protocolo es un ejemplo m\u00e1s de ese trabajo para anticiparnos a posibles riesgos\u201d. El diputado provincial y presidente del Consorcio ha concluido que \u201cla colaboraci\u00f3n entre los servicios de emergencia, los ayuntamientos y las comisiones falleras es fundamental para que las Fallas se desarrollen con normalidad y con todas las garant\u00edas de seguridad\u201d.<\/p>\n","protected":false},"excerpt":{"rendered":"<p>El Consorcio Provincial de Bomberos de Val\u00e8ncia (CPBV), entidad dependiente de la Diputaci\u00f3 de Val\u00e8ncia, ha elaborado un protocolo de actuaci\u00f3n dirigido a las comisiones falleras y a los ayuntamientos de los municipios de la provincia con el objetivo de mejorar la coordinaci\u00f3n ante posibles episodios de lluvia o viento durante la celebraci\u00f3n de las [&hellip;]<\/p>\n","protected":false},"author":25,"featured_media":0,"comment_status":"closed","ping_status":"closed","sticky":false,"template":"","format":"standard","meta":{"footnotes":""},"categories":[1],"tags":[],"class_list":["post-75908","post","type-post","status-publish","format-standard","hentry","category-sin-categorizar"],"_links":{"self":[{"href":"https:\/\/www.bombersdv.es\/es\/wp-json\/wp\/v2\/posts\/75908"}],"collection":[{"href":"https:\/\/www.bombersdv.es\/es\/wp-json\/wp\/v2\/posts"}],"about":[{"href":"https:\/\/www.bombersdv.es\/es\/wp-json\/wp\/v2\/types\/post"}],"author":[{"embeddable":true,"href":"https:\/\/www.bombersdv.es\/es\/wp-json\/wp\/v2\/users\/25"}],"replies":[{"embeddable":true,"href":"https:\/\/www.bombersdv.es\/es\/wp-json\/wp\/v2\/comments?post=75908"}],"version-history":[{"count":1,"href":"https:\/\/www.bombersdv.es\/es\/wp-json\/wp\/v2\/posts\/75908\/revisions"}],"predecessor-version":[{"id":75909,"href":"https:\/\/www.bombersdv.es\/es\/wp-json\/wp\/v2\/posts\/75908\/revisions\/75909"}],"wp:attachment":[{"href":"https:\/\/www.bombersdv.es\/es\/wp-json\/wp\/v2\/media?parent=75908"}],"wp:term":[{"taxonomy":"category","embeddable":true,"href":"https:\/\/www.bombersdv.es\/es\/wp-json\/wp\/v2\/categories?post=75908"},{"taxonomy":"post_tag","embeddable":true,"href":"https:\/\/www.bombersdv.es\/es\/wp-json\/wp\/v2\/tags?post=75908"}],"curies":[{"name":"wp","href":"https:\/\/api.w.org\/{rel}","templated":true}]}}