{"id":75920,"date":"2026-03-09T17:20:30","date_gmt":"2026-03-09T16:20:30","guid":{"rendered":"https:\/\/www.bombersdv.es\/?p=75920"},"modified":"2026-03-09T17:20:30","modified_gmt":"2026-03-09T16:20:30","slug":"el-consorcio-provincial-firma-en-la-diputacio-de-valencia-las-nuevas-condiciones-laborales-de-bomberos-y-brigadas-forestales","status":"publish","type":"post","link":"https:\/\/www.bombersdv.es\/es\/el-consorcio-provincial-firma-en-la-diputacio-de-valencia-las-nuevas-condiciones-laborales-de-bomberos-y-brigadas-forestales\/","title":{"rendered":"El Consorcio Provincial firma en la Diputaci\u00f3 de Val\u00e8ncia las nuevas condiciones laborales de Bomberos y Brigadas Forestales"},"content":{"rendered":"<p>La Sala 9 d\u2019Octubre de la Diputaci\u00f3 de Val\u00e8ncia ha acogido la firma oficial de los nuevos acuerdos laborales del Consorcio Provincial de Bomberos, que regulan las condiciones de trabajo tanto del personal funcionario de bomberos como del colectivo de brigadas forestales de la entidad dependiente de la corporaci\u00f3n provincial.<\/p>\n<p>El acto ha contado con la presencia del presidente de la Diputaci\u00f3 de Val\u00e8ncia, Vicent Momp\u00f3; el presidente del Consorcio Provincial de Bomberos, Avelino Mascarell; el gerente de la entidad, Marcial D\u00edaz; el inspector jefe, Jorge Gil; as\u00ed como los representantes de la parte social, tanto de bomberos como de brigadas.<\/p>\n<p>Los acuerdos firmados corresponden a dos marcos laborales diferenciados. Por un lado, el Acuerdo de condiciones del personal funcionario, que regula las condiciones del colectivo de bomberos del Consorcio; y por otro, el Convenio Colectivo del personal laboral, que establece el marco laboral de las brigadas forestales.<\/p>\n<p>El presidente de la Diputaci\u00f3 de Val\u00e8ncia ha subrayado que el acuerdo con el personal de bomberos &#8220;permite ordenar de manera integral aspectos clave para la organizaci\u00f3n del servicio, como la jornada laboral, los turnos operativos, el sistema de permisos y licencias, las condiciones econ\u00f3micas, la formaci\u00f3n o la carrera profesional&#8221;. En este sentido, el presidente provincial ha incidido en que de esta manera \u201cse garantiza mayor estabilidad, seguridad jur\u00eddica y una estructura moderna para un servicio que debe estar operativo las 24 horas del d\u00eda durante todo el a\u00f1o\u201d.<\/p>\n<p>En cuanto al nuevo convenio del personal laboral de Brigadas Forestales, Vicent Momp\u00f3 ha destacado uno de los avances m\u00e1s relevantes del proceso, el reconocimiento de la figura de bombero forestal para los brigadistas del Consorcio, una reivindicaci\u00f3n hist\u00f3rica del colectivo que, seg\u00fan ha explicado, \u201cactualiza su consideraci\u00f3n profesional y reconoce el papel esencial que desempe\u00f1an en la protecci\u00f3n de nuestro territorio y de nuestros montes\u201d.<\/p>\n<p>Por su parte, el presidente del CPBV, Avelino Mascarell, ha destacado que \u201cla firma de estos acuerdos supone un paso importante para seguir fortaleciendo el servicio de emergencias que presta el Consorcio\u201d. Mascarell ha subrayado que el nuevo marco laboral \u201caporta estabilidad a la organizaci\u00f3n y permite seguir mejorando la capacidad de respuesta ante las emergencias en los municipios de la provincia\u201d.<\/p>\n<p>Helios Mart\u00edn, representante de los trabajadores del colectivo de bomberos, ha explicado que el nuevo convenio sienta \u201cunas bases s\u00f3lidas para seguir modernizando la organizaci\u00f3n del servicio y adaptarlo a las demandas actuales de la sociedad\u201d, y ha a\u00f1adido que los representantes del personal realizar\u00e1n un seguimiento del desarrollo del acuerdo para garantizar su correcta aplicaci\u00f3n. \u201cSe trata de un convenio ambicioso que, si se desarrolla con normalidad, se traducir\u00e1 en una mejora del servicio que se presta a la ciudadan\u00eda\u201d, ha indicado.<\/p>\n<p>En representaci\u00f3n de las brigadas forestales, Francisco Estarlich ha valorado especialmente el acuerdo alcanzado tras un proceso de negociaci\u00f3n \u201clargo y exigente\u201d, marcado por la adaptaci\u00f3n del colectivo a un nuevo marco laboral dentro de la administraci\u00f3n p\u00fablica. Estarlich ha se\u00f1alado que el nuevo convenio supone un paso importante en la consolidaci\u00f3n profesional de las brigadas forestales y ha destacado que el reconocimiento de la figura de bombero forestal representa un avance significativo para el colectivo. \u201cEs un buen convenio que nos permite estabilizar nuestra situaci\u00f3n y seguir trabajando para mejorar nuestras condiciones en futuras negociaciones\u201d, ha concluido.<\/p>\n","protected":false},"excerpt":{"rendered":"<p>La Sala 9 d\u2019Octubre de la Diputaci\u00f3 de Val\u00e8ncia ha acogido la firma oficial de los nuevos acuerdos laborales del Consorcio Provincial de Bomberos, que regulan las condiciones de trabajo tanto del personal funcionario de bomberos como del colectivo de brigadas forestales de la entidad dependiente de la corporaci\u00f3n provincial. El acto ha contado con [&hellip;]<\/p>\n","protected":false},"author":25,"featured_media":0,"comment_status":"closed","ping_status":"closed","sticky":false,"template":"","format":"standard","meta":{"footnotes":""},"categories":[1],"tags":[],"class_list":["post-75920","post","type-post","status-publish","format-standard","hentry","category-sin-categorizar"],"_links":{"self":[{"href":"https:\/\/www.bombersdv.es\/es\/wp-json\/wp\/v2\/posts\/75920"}],"collection":[{"href":"https:\/\/www.bombersdv.es\/es\/wp-json\/wp\/v2\/posts"}],"about":[{"href":"https:\/\/www.bombersdv.es\/es\/wp-json\/wp\/v2\/types\/post"}],"author":[{"embeddable":true,"href":"https:\/\/www.bombersdv.es\/es\/wp-json\/wp\/v2\/users\/25"}],"replies":[{"embeddable":true,"href":"https:\/\/www.bombersdv.es\/es\/wp-json\/wp\/v2\/comments?post=75920"}],"version-history":[{"count":1,"href":"https:\/\/www.bombersdv.es\/es\/wp-json\/wp\/v2\/posts\/75920\/revisions"}],"predecessor-version":[{"id":75923,"href":"https:\/\/www.bombersdv.es\/es\/wp-json\/wp\/v2\/posts\/75920\/revisions\/75923"}],"wp:attachment":[{"href":"https:\/\/www.bombersdv.es\/es\/wp-json\/wp\/v2\/media?parent=75920"}],"wp:term":[{"taxonomy":"category","embeddable":true,"href":"https:\/\/www.bombersdv.es\/es\/wp-json\/wp\/v2\/categories?post=75920"},{"taxonomy":"post_tag","embeddable":true,"href":"https:\/\/www.bombersdv.es\/es\/wp-json\/wp\/v2\/tags?post=75920"}],"curies":[{"name":"wp","href":"https:\/\/api.w.org\/{rel}","templated":true}]}}