{"id":75930,"date":"2026-03-10T12:52:31","date_gmt":"2026-03-10T11:52:31","guid":{"rendered":"https:\/\/www.bombersdv.es\/?p=75930"},"modified":"2026-03-10T12:52:31","modified_gmt":"2026-03-10T11:52:31","slug":"enciende-la-mecha-de-la-prevencion-la-campana-del-consorcio-para-estas-fallas","status":"publish","type":"post","link":"https:\/\/www.bombersdv.es\/es\/enciende-la-mecha-de-la-prevencion-la-campana-del-consorcio-para-estas-fallas\/","title":{"rendered":"\u201cEnciende la mecha de la prevenci\u00f3n\u201d, la campa\u00f1a del Consorcio para estas Fallas"},"content":{"rendered":"<p>El Consorcio de Bomberos de Valencia ha puesto en marcha con motivo de las Fallas de 2026 una campa\u00f1a de sensibilizaci\u00f3n centrada en el uso responsable del material pirot\u00e9cnico, con el objetivo de reducir riesgos y prevenir accidentes durante estas celebraciones.<\/p>\n<p>Bajo el lema \u201cEnciende la mecha de la prevenci\u00f3n\u201d, esta iniciativa busca promover entre la ciudadan\u00eda una actitud responsable y preventiva en la manipulaci\u00f3n de estos productos, con el prop\u00f3sito de minimizar los peligros asociados, especialmente aquellos relacionados con incendios y lesiones personales.<\/p>\n<p>En este sentido, desde el Consorcio de Bomberos de Valencia se alerta sobre la posibilidad de que un uso inadecuado de los petardos pueda originar incendios. Por ello, se recomienda mantenerlos alejados de papeleras, contenedores, l\u00edquidos inflamables y zonas con vegetaci\u00f3n, evitando as\u00ed da\u00f1os tanto en el mobiliario urbano como en el entorno natural.<\/p>\n<p>Otro de los principales objetivos de la campa\u00f1a \u201cEnciende la mecha de la prevenci\u00f3n\u201d es fomentar la autoprotecci\u00f3n y prevenir da\u00f1os f\u00edsicos entre quienes utilizan petardos y otros art\u00edculos pirot\u00e9cnicos. Desde el Consorcio se insiste en evitar pr\u00e1cticas peligrosas, como introducir petardos en latas o botellas, ya que estas acciones pueden provocar graves consecuencias tanto para quien los manipula como para quienes se encuentran alrededor. Asimismo, resulta imprescindible respetar en todo momento las recomendaciones de las autoridades y la normativa vigente.<\/p>\n<p>Con esta campa\u00f1a preventiva, el Consorcio reafirma su compromiso con la ciudadan\u00eda a la que presta servicio, no solo a trav\u00e9s de la intervenci\u00f3n en emergencias, sino tambi\u00e9n mediante el fomento de la prevenci\u00f3n. La iniciativa tiene como finalidad contribuir a que la principal fiesta de la Comunitat Valenciana se celebre con la m\u00e1xima seguridad y sin riesgos.<\/p>\n<p>Cabe recordar que, adem\u00e1s de esta campa\u00f1a de concienciaci\u00f3n, el Consorcio de Bomberos de Valencia participa cada a\u00f1o en los dispositivos preventivos organizados durante las fiestas falleras en toda la provincia de Valencia. En concreto, sus efectivos est\u00e1n presentes cada a\u00f1o durante la Nit de la Crem\u00e0 en cerca de un centenar de municipios y despliegan medios humanos y materiales en alrededor de 300 monumentos falleros.<\/p>\n","protected":false},"excerpt":{"rendered":"<p>El Consorcio de Bomberos de Valencia ha puesto en marcha con motivo de las Fallas de 2026 una campa\u00f1a de sensibilizaci\u00f3n centrada en el uso responsable del material pirot\u00e9cnico, con el objetivo de reducir riesgos y prevenir accidentes durante estas celebraciones. Bajo el lema \u201cEnciende la mecha de la prevenci\u00f3n\u201d, esta iniciativa busca promover entre [&hellip;]<\/p>\n","protected":false},"author":25,"featured_media":0,"comment_status":"closed","ping_status":"closed","sticky":false,"template":"","format":"standard","meta":{"footnotes":""},"categories":[213],"tags":[],"class_list":["post-75930","post","type-post","status-publish","format-standard","hentry","category-sin-categorizar"],"_links":{"self":[{"href":"https:\/\/www.bombersdv.es\/es\/wp-json\/wp\/v2\/posts\/75930"}],"collection":[{"href":"https:\/\/www.bombersdv.es\/es\/wp-json\/wp\/v2\/posts"}],"about":[{"href":"https:\/\/www.bombersdv.es\/es\/wp-json\/wp\/v2\/types\/post"}],"author":[{"embeddable":true,"href":"https:\/\/www.bombersdv.es\/es\/wp-json\/wp\/v2\/users\/25"}],"replies":[{"embeddable":true,"href":"https:\/\/www.bombersdv.es\/es\/wp-json\/wp\/v2\/comments?post=75930"}],"version-history":[{"count":1,"href":"https:\/\/www.bombersdv.es\/es\/wp-json\/wp\/v2\/posts\/75930\/revisions"}],"predecessor-version":[{"id":75931,"href":"https:\/\/www.bombersdv.es\/es\/wp-json\/wp\/v2\/posts\/75930\/revisions\/75931"}],"wp:attachment":[{"href":"https:\/\/www.bombersdv.es\/es\/wp-json\/wp\/v2\/media?parent=75930"}],"wp:term":[{"taxonomy":"category","embeddable":true,"href":"https:\/\/www.bombersdv.es\/es\/wp-json\/wp\/v2\/categories?post=75930"},{"taxonomy":"post_tag","embeddable":true,"href":"https:\/\/www.bombersdv.es\/es\/wp-json\/wp\/v2\/tags?post=75930"}],"curies":[{"name":"wp","href":"https:\/\/api.w.org\/{rel}","templated":true}]}}