{"id":76014,"date":"2026-03-17T12:35:14","date_gmt":"2026-03-17T11:35:14","guid":{"rendered":"https:\/\/www.bombersdv.es\/?p=76014"},"modified":"2026-03-17T12:36:53","modified_gmt":"2026-03-17T11:36:53","slug":"anunciada-la-licitacion-del-suministro-de-500-linternas-frontales-con-led-y-accesorios","status":"publish","type":"post","link":"https:\/\/www.bombersdv.es\/es\/anunciada-la-licitacion-del-suministro-de-500-linternas-frontales-con-led-y-accesorios\/","title":{"rendered":"Anunciada la licitaci\u00f3n del Suministro de 500 linternas frontales con led y accesorios."},"content":{"rendered":"<ul>\n<li><strong>\ud83d\udcc5 Fecha final de presentaci\u00f3n de ofertas:<\/strong><br \/>\n<strong>18\/03\/2026 23:59<\/strong><\/li>\n<li><strong>\ud83d\udcd8 T\u00edtulo del Contrato:<\/strong><br \/>\n<em>Suministro de 500 linternas frontales con led y accesorios.<\/em><\/li>\n<li><strong>\ud83d\udd26 CPV:<\/strong><br \/>\n<strong>31521320<\/strong> \u2013 Linternas<br \/>\n<strong>31521330<\/strong> \u2013 L\u00e1mparas el\u00e9ctricas port\u00e1tiles recargables<\/li>\n<li><strong>\ud83d\udcb6 Importe:<\/strong><br \/>\n<strong>32.000,00 \u20ac<\/strong><\/li>\n<li><strong>\ud83c\udfe2 \u00d3rgano de Contrataci\u00f3n:<\/strong><br \/>\n<em>Presidencia del Consorcio para el Servicio de Prevenci\u00f3n y Extinci\u00f3n de Incendios y de Salvamento de la Provincia de Valencia<\/em><\/li>\n<li><strong>\ud83d\uddc2\ufe0f N\u00famero de Expediente:<\/strong><br \/>\n<strong>2026\/CON\/S43\/00001<\/strong><\/li>\n<li><strong>\ud83d\udd17 Ver detalle:<\/strong><br \/>\n<a href=\"https:\/\/contrataciondelestado.es\/wps\/poc?uri=deeplink:detalle_licitacion&amp;idEvl=TQ6l%2BbRPyLhxseVhcqrkhw%3D%3D\" target=\"_blank\" rel=\"noopener\"><em>Enlace a la plataforma de contrataci\u00f3n<\/em><\/a><\/li>\n<\/ul>\n<p>&nbsp;<\/p>\n<p>&nbsp;<\/p>\n","protected":false},"excerpt":{"rendered":"<p>\ud83d\udcc5 Fecha final de presentaci\u00f3n de ofertas: 18\/03\/2026 23:59 \ud83d\udcd8 T\u00edtulo del Contrato: Suministro de 500 linternas frontales con led y accesorios. \ud83d\udd26 CPV: 31521320 \u2013 Linternas 31521330 \u2013 L\u00e1mparas el\u00e9ctricas port\u00e1tiles recargables \ud83d\udcb6 Importe: 32.000,00 \u20ac \ud83c\udfe2 \u00d3rgano de Contrataci\u00f3n: Presidencia del Consorcio para el Servicio de Prevenci\u00f3n y Extinci\u00f3n de Incendios y de [&hellip;]<\/p>\n","protected":false},"author":183,"featured_media":0,"comment_status":"closed","ping_status":"closed","sticky":false,"template":"","format":"standard","meta":{"footnotes":""},"categories":[315],"tags":[],"class_list":["post-76014","post","type-post","status-publish","format-standard","hentry","category-contractacio-es"],"_links":{"self":[{"href":"https:\/\/www.bombersdv.es\/es\/wp-json\/wp\/v2\/posts\/76014"}],"collection":[{"href":"https:\/\/www.bombersdv.es\/es\/wp-json\/wp\/v2\/posts"}],"about":[{"href":"https:\/\/www.bombersdv.es\/es\/wp-json\/wp\/v2\/types\/post"}],"author":[{"embeddable":true,"href":"https:\/\/www.bombersdv.es\/es\/wp-json\/wp\/v2\/users\/183"}],"replies":[{"embeddable":true,"href":"https:\/\/www.bombersdv.es\/es\/wp-json\/wp\/v2\/comments?post=76014"}],"version-history":[{"count":3,"href":"https:\/\/www.bombersdv.es\/es\/wp-json\/wp\/v2\/posts\/76014\/revisions"}],"predecessor-version":[{"id":76017,"href":"https:\/\/www.bombersdv.es\/es\/wp-json\/wp\/v2\/posts\/76014\/revisions\/76017"}],"wp:attachment":[{"href":"https:\/\/www.bombersdv.es\/es\/wp-json\/wp\/v2\/media?parent=76014"}],"wp:term":[{"taxonomy":"category","embeddable":true,"href":"https:\/\/www.bombersdv.es\/es\/wp-json\/wp\/v2\/categories?post=76014"},{"taxonomy":"post_tag","embeddable":true,"href":"https:\/\/www.bombersdv.es\/es\/wp-json\/wp\/v2\/tags?post=76014"}],"curies":[{"name":"wp","href":"https:\/\/api.w.org\/{rel}","templated":true}]}}