{"id":76043,"date":"2026-03-17T15:36:55","date_gmt":"2026-03-17T14:36:55","guid":{"rendered":"https:\/\/www.bombersdv.es\/?p=76043"},"modified":"2026-03-17T15:36:55","modified_gmt":"2026-03-17T14:36:55","slug":"el-consorcio-de-bomberos-coordina-mas-de-400-efectivos-para-blindar-la-noche-de-la-crema-en-la-provincia","status":"publish","type":"post","link":"https:\/\/www.bombersdv.es\/es\/el-consorcio-de-bomberos-coordina-mas-de-400-efectivos-para-blindar-la-noche-de-la-crema-en-la-provincia\/","title":{"rendered":"El Consorcio de Bomberos coordina m\u00e1s de 400 efectivos para blindar la noche de la Crem\u00e0 en la provincia"},"content":{"rendered":"<p>El Consorcio Provincial de Bomberos de Valencia (CPBV), ha activado un amplio dispositivo especial para garantizar la seguridad en la noche de la Crem\u00e0, con un despliegue de 408 efectivos y 153 veh\u00edculos en los municipios falleros de la provincia.<\/p>\n<p>La entidad dependiente de la Diputaci\u00f3 de Val\u00e8ncia pone en marcha as\u00ed un operativo de car\u00e1cter preventivo que, tal como explica el presidente del CPBV y diputado de Medio Ambiente, Avelino Mascarell, &#8220;minimiza riesgos en uno de los momentos m\u00e1s multitudinarios y delicados de las Fallas, especialmente ante posibles da\u00f1os en mobiliario urbano o edificaciones a causa del calor o del fuego&#8221; e incide en que &#8220;tambi\u00e9n es muy importante prevenir eventuales conatos de incendio de vegetaci\u00f3n provocados por focos secundarios&#8221;.<\/p>\n<p>Mascarell, ha subrayado que &#8220;tanto el personal t\u00e9cnico como el operativo llevan semanas trabajando en toda provincia para que la celebraci\u00f3n de las Fallas se desarrolle con normalidad; independientemente del tama\u00f1o de cada municipio&#8221; y recuerda que \u201cse trata de una noche de intenso trabajo para todos nuestros efectivos, demostrando que est\u00e1n al lado de la ciudadan\u00eda y de la provincia no solo cuando la emergencia lo requiere, sino tambi\u00e9n en los dispositivos preventivos que hacen posible celebrar fiestas, tradiciones y espect\u00e1culos que, de otra manera, no podr\u00edan desarrollarse por cuestiones de seguridad\u201d.<\/p>\n<p>Del total de efectivos movilizados, 314 pertenecen al Consorcio, bien como bomberos, personal de comunicaciones, bomberos voluntarios, mandos, o brigadas forestales BRIFO, y los 94 restantes se distribuyen entre personal del servicio de bomberos forestales de GVA, efectivos de los cuerpos provinciales de bomberos de Castell\u00f3n, Alicante, Ayuntamientos de Castell\u00f3n y Alicante, y bomberos de Almansa.<\/p>\n<p>En cuanto a los veh\u00edculos, se desplegar\u00e1n un total de 153 entre autobombas y veh\u00edculos de personal y carga, desglosados entre 113 procedentes de la propia flota del Consorcio y otros 40 pertenecientes al resto de servicios de extinci\u00f3n colaboradores.<\/p>\n<p>El operativo ha sido dise\u00f1ado a partir de un an\u00e1lisis exhaustivo realizado en los d\u00edas previos, en los que los bomberos han inspeccionado un total de 525 monumentos falleros en 93 municipios a trav\u00e9s de un protocolo digitalizado y ejecutado \u201ca pie de falla\u201d.<span class=\"Apple-converted-space\">\u00a0<\/span><\/p>\n<p>Gracias a este sistema, el Consorcio puede determinar con precisi\u00f3n el nivel de riesgo de cada monumento, clasificado de muy bajo a muy alto, y dimensionar as\u00ed el dispositivo preventivo necesario para la noche de la Crem\u00e0. De este modo, los bomberos permanecen de forma fija en los monumentos con riesgo medio o superior, y tambi\u00e9n en aquellos de riesgo bajo que presentan una especial peligrosidad para su entorno.<\/p>\n<p>De este an\u00e1lisis se ha determinado que este a\u00f1o estar\u00e1n presentes en la Crem\u00e0 de unos 300 monumentos, en cerca de un centenar de municipios falleros.<span class=\"Apple-converted-space\">\u00a0<\/span><\/p>\n<p>&nbsp;<\/p>\n","protected":false},"excerpt":{"rendered":"<p>El Consorcio Provincial de Bomberos de Valencia (CPBV), ha activado un amplio dispositivo especial para garantizar la seguridad en la noche de la Crem\u00e0, con un despliegue de 408 efectivos y 153 veh\u00edculos en los municipios falleros de la provincia. La entidad dependiente de la Diputaci\u00f3 de Val\u00e8ncia pone en marcha as\u00ed un operativo de [&hellip;]<\/p>\n","protected":false},"author":25,"featured_media":0,"comment_status":"closed","ping_status":"closed","sticky":false,"template":"","format":"standard","meta":{"footnotes":""},"categories":[213],"tags":[],"class_list":["post-76043","post","type-post","status-publish","format-standard","hentry","category-sin-categorizar"],"_links":{"self":[{"href":"https:\/\/www.bombersdv.es\/es\/wp-json\/wp\/v2\/posts\/76043"}],"collection":[{"href":"https:\/\/www.bombersdv.es\/es\/wp-json\/wp\/v2\/posts"}],"about":[{"href":"https:\/\/www.bombersdv.es\/es\/wp-json\/wp\/v2\/types\/post"}],"author":[{"embeddable":true,"href":"https:\/\/www.bombersdv.es\/es\/wp-json\/wp\/v2\/users\/25"}],"replies":[{"embeddable":true,"href":"https:\/\/www.bombersdv.es\/es\/wp-json\/wp\/v2\/comments?post=76043"}],"version-history":[{"count":1,"href":"https:\/\/www.bombersdv.es\/es\/wp-json\/wp\/v2\/posts\/76043\/revisions"}],"predecessor-version":[{"id":76044,"href":"https:\/\/www.bombersdv.es\/es\/wp-json\/wp\/v2\/posts\/76043\/revisions\/76044"}],"wp:attachment":[{"href":"https:\/\/www.bombersdv.es\/es\/wp-json\/wp\/v2\/media?parent=76043"}],"wp:term":[{"taxonomy":"category","embeddable":true,"href":"https:\/\/www.bombersdv.es\/es\/wp-json\/wp\/v2\/categories?post=76043"},{"taxonomy":"post_tag","embeddable":true,"href":"https:\/\/www.bombersdv.es\/es\/wp-json\/wp\/v2\/tags?post=76043"}],"curies":[{"name":"wp","href":"https:\/\/api.w.org\/{rel}","templated":true}]}}