{"id":76413,"date":"2026-04-28T12:35:15","date_gmt":"2026-04-28T10:35:15","guid":{"rendered":"https:\/\/www.bombersdv.es\/?p=76413"},"modified":"2026-04-28T12:35:15","modified_gmt":"2026-04-28T10:35:15","slug":"el-consorcio-provincial-de-bomberos-de-valencia-reformara-de-manera-integral-el-parque-de-la-pobla-de-farnals","status":"publish","type":"post","link":"https:\/\/www.bombersdv.es\/es\/el-consorcio-provincial-de-bomberos-de-valencia-reformara-de-manera-integral-el-parque-de-la-pobla-de-farnals\/","title":{"rendered":"El Consorcio Provincial de Bomberos de Valencia reformar\u00e1 de manera integral el parque de la Pobla de Farnals"},"content":{"rendered":"<p>El diputado provincial de Medio Ambiente en la Diputaci\u00f3 de Val\u00e8ncia y presidente del Consorcio de Bomberos, Avelino Mascarell, ha anunciado la futura reforma integral del parque de bomberos de La Pobla de Farnals, una actuaci\u00f3n que, en palabras del propio Mascarell, &#8220;est\u00e1 destinada a modernizar unas instalaciones clave para la respuesta ante emergencias en l\u2019Horta Nord y adaptarlas a las nuevas necesidades operativas del servicio&#8221;.<\/p>\n<p>Con un presupuesto previsto de cerca de 800.000 euros, est\u00e1 prevista la ampliaci\u00f3n del edificio en aproximadamente 60 metros cuadrados por planta, con una superficie a\u00f1adida total de 120 metros cuadrados construidos. En la planta baja se ampliar\u00e1n la cocina y el comedor, mientras que en la primera planta se ganar\u00e1 espacio para dormitorios, gimnasio y duchas. Adem\u00e1s, se acometer\u00e1 una reforma integral interior para redistribuir dependencias y mejorar la funcionalidad del parque.<span class=\"Apple-converted-space\">\u00a0<\/span><\/p>\n<p>Las actuaciones previstas incorporar\u00e1n mejoras t\u00e9cnicas y constructivas para adecuar el inmueble a los est\u00e1ndares normativos vigentes, adem\u00e1s de la sustituci\u00f3n de carpinter\u00edas exteriores e interiores y trabajos de mejora en la urbanizaci\u00f3n de la parcela donde se ubica el parque.<\/p>\n<p>Avelino Mascarell se\u00f1ala que \u201cel Consorcio sigue apostando por la mejora continua en el servicio que da a los ayuntamientos y a la ciudadan\u00eda, invirtiendo en infraestructuras \u00fatiles, modernas y dignas para los profesionales que integran el Consorcio&#8221; y resalta que &#8220;contar con mejores parques significa ofrecer una respuesta m\u00e1s r\u00e1pida, eficaz y segura ante cualquier emergencia\u201d.<\/p>\n<p>Mascarell ha concluido que &#8220;una vez aprobada la asignaci\u00f3n presupuestaria, estamos inmersos en la redacci\u00f3n del proyecto constructivo para que el nuevo Parque de Bomberos sea una realidad lo antes posible&#8221;.<\/p>\n<p><b>Inversiones aprobadas por la Asamblea del Consorcio<\/b><\/p>\n<p>La actuaci\u00f3n prevista en la Pobla de Farnals se enmarca en el paquete de inversiones aprobado recientemente por la Asamblea General del Consorcio Provincial de Bomberos de Val\u00e8ncia, que movilizar\u00e1 cerca de 30 millones de euros para reforzar la capacidad de respuesta ante emergencias en la provincia.<\/p>\n<p>Ese plan contempla mejoras en parques, renovaci\u00f3n de equipamientos, adquisici\u00f3n de veh\u00edculos y actuaciones orientadas a modernizar la estructura operativa del Consorcio, con el objetivo de ofrecer un servicio m\u00e1s eficiente, coordinado y preparado ante cualquier incidencia.<\/p>\n<p>Una de las primeras acciones de este paquete de medidas ser\u00e1 la reforma integral del Parque Torrent, cuyas obras comenzar\u00e1n en el pr\u00f3ximo mes de mayo, y permitir\u00e1n modernizar unas instalaciones con casi 30 a\u00f1os de antig\u00fcedad, mediante la renovaci\u00f3n completa del edificio, la mejora del hangar y nuevas dotaciones para el personal operativo.<\/p>\n<p><span class=\"Apple-converted-space\">\u00a0\u00a0<\/span><\/p>\n","protected":false},"excerpt":{"rendered":"<p>El diputado provincial de Medio Ambiente en la Diputaci\u00f3 de Val\u00e8ncia y presidente del Consorcio de Bomberos, Avelino Mascarell, ha anunciado la futura reforma integral del parque de bomberos de La Pobla de Farnals, una actuaci\u00f3n que, en palabras del propio Mascarell, &#8220;est\u00e1 destinada a modernizar unas instalaciones clave para la respuesta ante emergencias en [&hellip;]<\/p>\n","protected":false},"author":25,"featured_media":0,"comment_status":"closed","ping_status":"closed","sticky":false,"template":"","format":"standard","meta":{"footnotes":""},"categories":[213],"tags":[],"class_list":["post-76413","post","type-post","status-publish","format-standard","hentry","category-sin-categorizar"],"_links":{"self":[{"href":"https:\/\/www.bombersdv.es\/es\/wp-json\/wp\/v2\/posts\/76413"}],"collection":[{"href":"https:\/\/www.bombersdv.es\/es\/wp-json\/wp\/v2\/posts"}],"about":[{"href":"https:\/\/www.bombersdv.es\/es\/wp-json\/wp\/v2\/types\/post"}],"author":[{"embeddable":true,"href":"https:\/\/www.bombersdv.es\/es\/wp-json\/wp\/v2\/users\/25"}],"replies":[{"embeddable":true,"href":"https:\/\/www.bombersdv.es\/es\/wp-json\/wp\/v2\/comments?post=76413"}],"version-history":[{"count":1,"href":"https:\/\/www.bombersdv.es\/es\/wp-json\/wp\/v2\/posts\/76413\/revisions"}],"predecessor-version":[{"id":76414,"href":"https:\/\/www.bombersdv.es\/es\/wp-json\/wp\/v2\/posts\/76413\/revisions\/76414"}],"wp:attachment":[{"href":"https:\/\/www.bombersdv.es\/es\/wp-json\/wp\/v2\/media?parent=76413"}],"wp:term":[{"taxonomy":"category","embeddable":true,"href":"https:\/\/www.bombersdv.es\/es\/wp-json\/wp\/v2\/categories?post=76413"},{"taxonomy":"post_tag","embeddable":true,"href":"https:\/\/www.bombersdv.es\/es\/wp-json\/wp\/v2\/tags?post=76413"}],"curies":[{"name":"wp","href":"https:\/\/api.w.org\/{rel}","templated":true}]}}