{"id":76463,"date":"2026-04-29T17:19:48","date_gmt":"2026-04-29T15:19:48","guid":{"rendered":"https:\/\/www.bombersdv.es\/?p=76463"},"modified":"2026-04-29T17:19:48","modified_gmt":"2026-04-29T15:19:48","slug":"la-feria-de-emergencias-y-la-carrera-10k-organizadas-por-el-consorcio-provincial-de-bomberos-llegan-a-bunol","status":"publish","type":"post","link":"https:\/\/www.bombersdv.es\/es\/la-feria-de-emergencias-y-la-carrera-10k-organizadas-por-el-consorcio-provincial-de-bomberos-llegan-a-bunol\/","title":{"rendered":"La Feria de Emergencias y la carrera 10K organizadas por el Consorcio Provincial de Bomberos llegan a Bu\u00f1ol"},"content":{"rendered":"<p>Bu\u00f1ol acoger\u00e1 los pr\u00f3ximos 23 y 24 de mayo una nueva edici\u00f3n de la Feria de Emergencias y la 10 K Bombers, dos citas impulsadas por el Consorcio Provincial de Bomberos de Valencia, entidad dependiente de la Diputaci\u00f3 de Val\u00e8ncia, con la colaboraci\u00f3n del Ayuntamiento de Bu\u00f1ol y del Club de Atletismo Correores de Bu\u00f1ol. La programaci\u00f3n convertir\u00e1 a la localidad en punto de encuentro para la divulgaci\u00f3n preventiva, la actividad familiar y el deporte solidario.<\/p>\n<p>La presentaci\u00f3n oficial ha tenido lugar este mi\u00e9rcoles en Bu\u00f1ol con la participaci\u00f3n del diputado provincial de Medio Ambiente y presidente del Consorcio, Avelino Mascarell; la alcaldesa de Bu\u00f1ol, Virginia Sanz; representantes de la Fundaci\u00f3n Peque\u00f1o Deseo; de la Asociaci\u00f3n Espa\u00f1ola Contra el C\u00e1ncer de Bu\u00f1ol; as\u00ed como miembros de parques y asociaciones de bomberos implicadas en la organizaci\u00f3n.<\/p>\n<p>Mascarell ha subrayado que \u201cla Feria de las Emergencias es una oportunidad para acercar a la ciudadan\u00eda el trabajo que diariamente realizan nuestras unidades y, al mismo tiempo, una ocasi\u00f3n \u00fanica para que ni\u00f1os y mayores conozcan los mejores consejos de prevenci\u00f3n para su d\u00eda a d\u00eda de la mano de nuestros profesionales\u201d.<\/p>\n<p><b>Feria de Emergencias para toda la familia<\/b><\/p>\n<p>La Feria de Emergencias se celebrar\u00e1 el domingo 24 de mayo, de 10 a 14 horas, en el parque El Planell. Durante toda la ma\u00f1ana se expondr\u00e1n veh\u00edculos, equipos y materiales operativos del Consorcio, con presencia de unidades especializadas como el helic\u00f3ptero, el GERA, la UREC, el servicio de drones y las brigadas forestales BRIFO.<\/p>\n<p>Adem\u00e1s, se desarrollar\u00e1n simulacros y demostraciones pr\u00e1cticas, entre ellas maniobras de rescate y excarcelaci\u00f3n, as\u00ed como actividades divulgativas en la Galer\u00eda de Entrenamiento del Consorcio, donde los asistentes podr\u00e1n aprender c\u00f3mo actuar ante un incendio en interiores. La entrada ser\u00e1 libre y gratuita.<\/p>\n<p>Como novedad, en los d\u00edas previos tambi\u00e9n se realizar\u00e1n talleres educativos y exhibiciones de material en los tres centros escolares de Bu\u00f1ol, reforzando el objetivo pedag\u00f3gico de la iniciativa y acercando la prevenci\u00f3n a los m\u00e1s j\u00f3venes.<\/p>\n<p><b>Una 10 K solidaria con vistas emblem\u00e1ticas<\/b><\/p>\n<p>El s\u00e1bado 23 de mayo tendr\u00e1 lugar la 10 K Bombers Bu\u00f1ol, con salida a las 9 de la ma\u00f1ana desde el parque El Planell, mismo espacio que acoger\u00e1 la feria al d\u00eda siguiente. El recorrido ser\u00e1 circular y contar\u00e1 con 150 metros de desnivel positivo acumulado.<\/p>\n<p>Entre sus principales atractivos figuran tramos urbanos tan singulares como la subida de la Violeta, con vistas panor\u00e1micas de la localidad, o el descenso por la zona del Cuco, tambi\u00e9n con espectaculares paisajes. La prueba espera reunir tanto a corredores populares como a numerosos bomberos y bomberas del Consorcio.<\/p>\n<p>El dorsal solidario, con un importe \u00edntegro de cinco euros, se destinar\u00e1 a la Fundaci\u00f3n Peque\u00f1o Deseo y a la Asociaci\u00f3n Espa\u00f1ola Contra el C\u00e1ncer de Bu\u00f1ol.<\/p>\n<p>La alcaldesa Virginia Sanz ha agradecido la elecci\u00f3n de Bu\u00f1ol como sede de esta edici\u00f3n y ha animado a participar \u201cen dos jornadas pensadas para disfrutar, aprender y colaborar con buenas causas, mostrando adem\u00e1s todo lo que nuestro municipio puede ofrecer\u201d.<\/p>\n","protected":false},"excerpt":{"rendered":"<p>Bu\u00f1ol acoger\u00e1 los pr\u00f3ximos 23 y 24 de mayo una nueva edici\u00f3n de la Feria de Emergencias y la 10 K Bombers, dos citas impulsadas por el Consorcio Provincial de Bomberos de Valencia, entidad dependiente de la Diputaci\u00f3 de Val\u00e8ncia, con la colaboraci\u00f3n del Ayuntamiento de Bu\u00f1ol y del Club de Atletismo Correores de Bu\u00f1ol. [&hellip;]<\/p>\n","protected":false},"author":25,"featured_media":0,"comment_status":"closed","ping_status":"closed","sticky":false,"template":"","format":"standard","meta":{"footnotes":""},"categories":[213],"tags":[4213,3834,3354,4212,4211],"class_list":["post-76463","post","type-post","status-publish","format-standard","hentry","category-sin-categorizar","tag-10-k-bombers-es","tag-avelino-mascarell-es","tag-bunol-es","tag-feria-emergencias-consorcio-bomberos-valencia","tag-virgina-sanz"],"_links":{"self":[{"href":"https:\/\/www.bombersdv.es\/es\/wp-json\/wp\/v2\/posts\/76463"}],"collection":[{"href":"https:\/\/www.bombersdv.es\/es\/wp-json\/wp\/v2\/posts"}],"about":[{"href":"https:\/\/www.bombersdv.es\/es\/wp-json\/wp\/v2\/types\/post"}],"author":[{"embeddable":true,"href":"https:\/\/www.bombersdv.es\/es\/wp-json\/wp\/v2\/users\/25"}],"replies":[{"embeddable":true,"href":"https:\/\/www.bombersdv.es\/es\/wp-json\/wp\/v2\/comments?post=76463"}],"version-history":[{"count":1,"href":"https:\/\/www.bombersdv.es\/es\/wp-json\/wp\/v2\/posts\/76463\/revisions"}],"predecessor-version":[{"id":76464,"href":"https:\/\/www.bombersdv.es\/es\/wp-json\/wp\/v2\/posts\/76463\/revisions\/76464"}],"wp:attachment":[{"href":"https:\/\/www.bombersdv.es\/es\/wp-json\/wp\/v2\/media?parent=76463"}],"wp:term":[{"taxonomy":"category","embeddable":true,"href":"https:\/\/www.bombersdv.es\/es\/wp-json\/wp\/v2\/categories?post=76463"},{"taxonomy":"post_tag","embeddable":true,"href":"https:\/\/www.bombersdv.es\/es\/wp-json\/wp\/v2\/tags?post=76463"}],"curies":[{"name":"wp","href":"https:\/\/api.w.org\/{rel}","templated":true}]}}